{"id":5034,"date":"2025-04-11T16:43:49","date_gmt":"2025-04-11T15:43:49","guid":{"rendered":"https:\/\/www.socitrel.pt\/coronado-trail\/"},"modified":"2025-06-06T16:46:22","modified_gmt":"2025-06-06T15:46:22","slug":"coronado-trail","status":"publish","type":"post","link":"https:\/\/www.socitrel.pt\/fr\/coronado-trail\/","title":{"rendered":"Coronado Trail"},"content":{"rendered":"<h1>Un week-end plein d&rsquo;\u00e9nergie et d&rsquo;esprit d&rsquo;\u00e9quipe pour Socitrel !<\/h1>\n<p>Dimanche dernier, nous avons particip\u00e9 \u00e0 une course \u00e0 pied et \u00e0 une marche inspirantes, auxquelles ont pris part 921 athl\u00e8tes.<\/p>\n<p>Outre notre parrainage de l&rsquo;\u00e9v\u00e9nement, Socitrel \u00e9tait repr\u00e9sent\u00e9 par une \u00e9quipe fantastique de 15 employ\u00e9s (6 femmes et 9 hommes) qui ont fait preuve de d\u00e9termination et d&rsquo;unit\u00e9 lors d&rsquo;une journ\u00e9e ensoleill\u00e9e.<\/p>\n<p>F\u00e9licitations \u00e0 tous les participants et un grand merci \u00e0 notre \u00e9quipe Socitrel ! \ud83c\udfc3\u200d\u2640\ufe0f\ud83c\udfc3\u200d\u2642\ufe0f\u2600\ufe0f<\/p>\n<p><img loading=\"lazy\" decoding=\"async\" class=\"alignnone size-medium wp-image-4948\" src=\"https:\/\/www.socitrel.pt\/wp-content\/uploads\/2025\/04\/2-Grupo-Caminhada-75km-300x218.jpg\" alt=\"\" width=\"300\" height=\"218\" srcset=\"https:\/\/www.socitrel.pt\/wp-content\/uploads\/2025\/04\/2-Grupo-Caminhada-75km-300x218.jpg 300w, https:\/\/www.socitrel.pt\/wp-content\/uploads\/2025\/04\/2-Grupo-Caminhada-75km-1024x744.jpg 1024w, https:\/\/www.socitrel.pt\/wp-content\/uploads\/2025\/04\/2-Grupo-Caminhada-75km-768x558.jpg 768w, https:\/\/www.socitrel.pt\/wp-content\/uploads\/2025\/04\/2-Grupo-Caminhada-75km-1536x1116.jpg 1536w, https:\/\/www.socitrel.pt\/wp-content\/uploads\/2025\/04\/2-Grupo-Caminhada-75km-700x508.jpg 700w, https:\/\/www.socitrel.pt\/wp-content\/uploads\/2025\/04\/2-Grupo-Caminhada-75km.jpg 1732w\" sizes=\"auto, (max-width: 300px) 100vw, 300px\" \/>\u00a0<img loading=\"lazy\" decoding=\"async\" class=\"alignnone size-medium wp-image-4953\" src=\"https:\/\/www.socitrel.pt\/wp-content\/uploads\/2025\/04\/3-Grupo-Caminhada-75km-225x300.jpg\" alt=\"\" width=\"225\" height=\"300\" srcset=\"https:\/\/www.socitrel.pt\/wp-content\/uploads\/2025\/04\/3-Grupo-Caminhada-75km-225x300.jpg 225w, https:\/\/www.socitrel.pt\/wp-content\/uploads\/2025\/04\/3-Grupo-Caminhada-75km-769x1024.jpg 769w, https:\/\/www.socitrel.pt\/wp-content\/uploads\/2025\/04\/3-Grupo-Caminhada-75km-768x1022.jpg 768w, https:\/\/www.socitrel.pt\/wp-content\/uploads\/2025\/04\/3-Grupo-Caminhada-75km-600x800.jpg 600w, https:\/\/www.socitrel.pt\/wp-content\/uploads\/2025\/04\/3-Grupo-Caminhada-75km-700x932.jpg 700w, https:\/\/www.socitrel.pt\/wp-content\/uploads\/2025\/04\/3-Grupo-Caminhada-75km.jpg 940w\" sizes=\"auto, (max-width: 225px) 100vw, 225px\" \/>\u00a0<img loading=\"lazy\" decoding=\"async\" class=\"alignnone size-medium wp-image-4958\" src=\"https:\/\/www.socitrel.pt\/wp-content\/uploads\/2025\/04\/4-Grupo-Caminhada-75km-300x237.jpg\" alt=\"\" width=\"300\" height=\"237\" srcset=\"https:\/\/www.socitrel.pt\/wp-content\/uploads\/2025\/04\/4-Grupo-Caminhada-75km-300x237.jpg 300w, https:\/\/www.socitrel.pt\/wp-content\/uploads\/2025\/04\/4-Grupo-Caminhada-75km-1024x809.jpg 1024w, https:\/\/www.socitrel.pt\/wp-content\/uploads\/2025\/04\/4-Grupo-Caminhada-75km-768x607.jpg 768w, https:\/\/www.socitrel.pt\/wp-content\/uploads\/2025\/04\/4-Grupo-Caminhada-75km-700x553.jpg 700w, https:\/\/www.socitrel.pt\/wp-content\/uploads\/2025\/04\/4-Grupo-Caminhada-75km.jpg 1536w\" sizes=\"auto, (max-width: 300px) 100vw, 300px\" \/>\u00a0<img loading=\"lazy\" decoding=\"async\" class=\"alignnone size-medium wp-image-4963\" src=\"https:\/\/www.socitrel.pt\/wp-content\/uploads\/2025\/04\/5-Grupo-Corrida-14km-200x300.jpg\" alt=\"\" width=\"200\" height=\"300\" srcset=\"https:\/\/www.socitrel.pt\/wp-content\/uploads\/2025\/04\/5-Grupo-Corrida-14km-200x300.jpg 200w, https:\/\/www.socitrel.pt\/wp-content\/uploads\/2025\/04\/5-Grupo-Corrida-14km-683x1024.jpg 683w, https:\/\/www.socitrel.pt\/wp-content\/uploads\/2025\/04\/5-Grupo-Corrida-14km-768x1152.jpg 768w, https:\/\/www.socitrel.pt\/wp-content\/uploads\/2025\/04\/5-Grupo-Corrida-14km-1024x1536.jpg 1024w, https:\/\/www.socitrel.pt\/wp-content\/uploads\/2025\/04\/5-Grupo-Corrida-14km-700x1050.jpg 700w, https:\/\/www.socitrel.pt\/wp-content\/uploads\/2025\/04\/5-Grupo-Corrida-14km.jpg 1365w\" sizes=\"auto, (max-width: 200px) 100vw, 200px\" \/>\u00a0<img loading=\"lazy\" decoding=\"async\" class=\"alignnone size-medium wp-image-4968\" src=\"https:\/\/www.socitrel.pt\/wp-content\/uploads\/2025\/04\/6-Grupo-Corrida-14km-300x214.jpg\" alt=\"\" width=\"300\" height=\"214\" srcset=\"https:\/\/www.socitrel.pt\/wp-content\/uploads\/2025\/04\/6-Grupo-Corrida-14km-300x214.jpg 300w, https:\/\/www.socitrel.pt\/wp-content\/uploads\/2025\/04\/6-Grupo-Corrida-14km-1024x731.jpg 1024w, https:\/\/www.socitrel.pt\/wp-content\/uploads\/2025\/04\/6-Grupo-Corrida-14km-768x549.jpg 768w, https:\/\/www.socitrel.pt\/wp-content\/uploads\/2025\/04\/6-Grupo-Corrida-14km-700x500.jpg 700w, https:\/\/www.socitrel.pt\/wp-content\/uploads\/2025\/04\/6-Grupo-Corrida-14km.jpg 1344w\" sizes=\"auto, (max-width: 300px) 100vw, 300px\" \/>\u00a0<img loading=\"lazy\" decoding=\"async\" class=\"alignnone size-medium wp-image-4973\" src=\"https:\/\/www.socitrel.pt\/wp-content\/uploads\/2025\/04\/7-Grupo-Corrida-14km-300x200.jpg\" alt=\"\" width=\"300\" height=\"200\" srcset=\"https:\/\/www.socitrel.pt\/wp-content\/uploads\/2025\/04\/7-Grupo-Corrida-14km-300x200.jpg 300w, https:\/\/www.socitrel.pt\/wp-content\/uploads\/2025\/04\/7-Grupo-Corrida-14km-1024x683.jpg 1024w, https:\/\/www.socitrel.pt\/wp-content\/uploads\/2025\/04\/7-Grupo-Corrida-14km-768x512.jpg 768w, https:\/\/www.socitrel.pt\/wp-content\/uploads\/2025\/04\/7-Grupo-Corrida-14km-1536x1024.jpg 1536w, https:\/\/www.socitrel.pt\/wp-content\/uploads\/2025\/04\/7-Grupo-Corrida-14km-700x467.jpg 700w, https:\/\/www.socitrel.pt\/wp-content\/uploads\/2025\/04\/7-Grupo-Corrida-14km.jpg 2048w\" sizes=\"auto, (max-width: 300px) 100vw, 300px\" \/>\u00a0<img loading=\"lazy\" decoding=\"async\" class=\"alignnone size-medium wp-image-4978\" src=\"https:\/\/www.socitrel.pt\/wp-content\/uploads\/2025\/04\/8-Corrida-31km-188x300.jpg\" alt=\"\" width=\"188\" height=\"300\" srcset=\"https:\/\/www.socitrel.pt\/wp-content\/uploads\/2025\/04\/8-Corrida-31km-188x300.jpg 188w, https:\/\/www.socitrel.pt\/wp-content\/uploads\/2025\/04\/8-Corrida-31km-640x1024.jpg 640w, https:\/\/www.socitrel.pt\/wp-content\/uploads\/2025\/04\/8-Corrida-31km-768x1229.jpg 768w, https:\/\/www.socitrel.pt\/wp-content\/uploads\/2025\/04\/8-Corrida-31km-700x1120.jpg 700w, https:\/\/www.socitrel.pt\/wp-content\/uploads\/2025\/04\/8-Corrida-31km.jpg 787w\" sizes=\"auto, (max-width: 188px) 100vw, 188px\" \/><\/p>\n<p>Link do evento:\u00a0<a href=\"https:\/\/www.facebook.com\/coronadotrailoficial\">https:\/\/www.facebook.com\/coronadotrailoficial<\/a><\/p>\n","protected":false},"excerpt":{"rendered":"<p>Un week-end plein d&rsquo;\u00e9nergie et d&rsquo;esprit d&rsquo;\u00e9quipe pour Socitrel ! Dimanche dernier, nous avons particip\u00e9 \u00e0 une course \u00e0 pied et \u00e0 une marche inspirantes, auxquelles ont pris part 921 athl\u00e8tes. Outre notre parrainage de l&rsquo;\u00e9v\u00e9nement, Socitrel \u00e9tait repr\u00e9sent\u00e9 par une \u00e9quipe fantastique de 15&#8230;<\/p>\n","protected":false},"author":2,"featured_media":4945,"comment_status":"open","ping_status":"open","sticky":false,"template":"","format":"standard","meta":{"footnotes":""},"categories":[109],"tags":[],"class_list":["post-5034","post","type-post","status-publish","format-standard","has-post-thumbnail","hentry","category-non-classifiee"],"yoast_head":"<!-- This site is optimized with the Yoast SEO plugin v27.2 - https:\/\/yoast.com\/product\/yoast-seo-wordpress\/ -->\n<title>Coronado Trail - Socitrel - Sociedade Industrial de Trefilaria<\/title>\n<meta name=\"robots\" content=\"index, follow, max-snippet:-1, max-image-preview:large, max-video-preview:-1\" \/>\n<link rel=\"canonical\" href=\"https:\/\/www.socitrel.pt\/fr\/coronado-trail\/\" \/>\n<meta property=\"og:locale\" content=\"fr_FR\" \/>\n<meta property=\"og:type\" content=\"article\" \/>\n<meta property=\"og:title\" content=\"Coronado Trail - Socitrel - Sociedade Industrial de Trefilaria\" \/>\n<meta property=\"og:description\" content=\"Un week-end plein d&rsquo;\u00e9nergie et d&rsquo;esprit d&rsquo;\u00e9quipe pour Socitrel ! Dimanche dernier, nous avons particip\u00e9 \u00e0 une course \u00e0 pied et \u00e0 une marche inspirantes, auxquelles ont pris part 921 athl\u00e8tes. Outre notre parrainage de l&rsquo;\u00e9v\u00e9nement, Socitrel \u00e9tait repr\u00e9sent\u00e9 par une \u00e9quipe fantastique de 15...\" \/>\n<meta property=\"og:url\" content=\"https:\/\/www.socitrel.pt\/fr\/coronado-trail\/\" \/>\n<meta property=\"og:site_name\" content=\"Socitrel - Sociedade Industrial de Trefilaria\" \/>\n<meta property=\"article:published_time\" content=\"2025-04-11T15:43:49+00:00\" \/>\n<meta property=\"article:modified_time\" content=\"2025-06-06T15:46:22+00:00\" \/>\n<meta property=\"og:image\" content=\"https:\/\/www.socitrel.pt\/wp-content\/uploads\/2025\/04\/1-Coronado-Trail-e-Socitrel-Patrocinio.jpg\" \/>\n\t<meta property=\"og:image:width\" content=\"2048\" \/>\n\t<meta property=\"og:image:height\" content=\"2048\" \/>\n\t<meta property=\"og:image:type\" content=\"image\/jpeg\" \/>\n<meta name=\"author\" content=\"Paulo Ermida\" \/>\n<meta name=\"twitter:card\" content=\"summary_large_image\" \/>\n<meta name=\"twitter:label1\" content=\"\u00c9crit par\" \/>\n\t<meta name=\"twitter:data1\" content=\"Paulo Ermida\" \/>\n\t<meta name=\"twitter:label2\" content=\"Dur\u00e9e de lecture estim\u00e9e\" \/>\n\t<meta name=\"twitter:data2\" content=\"3 minutes\" \/>\n<script type=\"application\/ld+json\" class=\"yoast-schema-graph\">{\"@context\":\"https:\/\/schema.org\",\"@graph\":[{\"@type\":\"Article\",\"@id\":\"https:\/\/www.socitrel.pt\/fr\/coronado-trail\/#article\",\"isPartOf\":{\"@id\":\"https:\/\/www.socitrel.pt\/fr\/coronado-trail\/\"},\"author\":{\"name\":\"Paulo Ermida\",\"@id\":\"https:\/\/www.socitrel.pt\/#\/schema\/person\/bd88eda7314237cadeb120f0e5b9f767\"},\"headline\":\"Coronado Trail\",\"datePublished\":\"2025-04-11T15:43:49+00:00\",\"dateModified\":\"2025-06-06T15:46:22+00:00\",\"mainEntityOfPage\":{\"@id\":\"https:\/\/www.socitrel.pt\/fr\/coronado-trail\/\"},\"wordCount\":87,\"commentCount\":0,\"publisher\":{\"@id\":\"https:\/\/www.socitrel.pt\/#organization\"},\"image\":{\"@id\":\"https:\/\/www.socitrel.pt\/fr\/coronado-trail\/#primaryimage\"},\"thumbnailUrl\":\"https:\/\/www.socitrel.pt\/wp-content\/uploads\/2025\/04\/1-Coronado-Trail-e-Socitrel-Patrocinio.jpg\",\"articleSection\":[\"Non classifi\u00e9(e)\"],\"inLanguage\":\"fr-FR\",\"potentialAction\":[{\"@type\":\"CommentAction\",\"name\":\"Comment\",\"target\":[\"https:\/\/www.socitrel.pt\/fr\/coronado-trail\/#respond\"]}]},{\"@type\":\"WebPage\",\"@id\":\"https:\/\/www.socitrel.pt\/fr\/coronado-trail\/\",\"url\":\"https:\/\/www.socitrel.pt\/fr\/coronado-trail\/\",\"name\":\"Coronado Trail - Socitrel - Sociedade Industrial de Trefilaria\",\"isPartOf\":{\"@id\":\"https:\/\/www.socitrel.pt\/#website\"},\"primaryImageOfPage\":{\"@id\":\"https:\/\/www.socitrel.pt\/fr\/coronado-trail\/#primaryimage\"},\"image\":{\"@id\":\"https:\/\/www.socitrel.pt\/fr\/coronado-trail\/#primaryimage\"},\"thumbnailUrl\":\"https:\/\/www.socitrel.pt\/wp-content\/uploads\/2025\/04\/1-Coronado-Trail-e-Socitrel-Patrocinio.jpg\",\"datePublished\":\"2025-04-11T15:43:49+00:00\",\"dateModified\":\"2025-06-06T15:46:22+00:00\",\"breadcrumb\":{\"@id\":\"https:\/\/www.socitrel.pt\/fr\/coronado-trail\/#breadcrumb\"},\"inLanguage\":\"fr-FR\",\"potentialAction\":[{\"@type\":\"ReadAction\",\"target\":[\"https:\/\/www.socitrel.pt\/fr\/coronado-trail\/\"]}]},{\"@type\":\"ImageObject\",\"inLanguage\":\"fr-FR\",\"@id\":\"https:\/\/www.socitrel.pt\/fr\/coronado-trail\/#primaryimage\",\"url\":\"https:\/\/www.socitrel.pt\/wp-content\/uploads\/2025\/04\/1-Coronado-Trail-e-Socitrel-Patrocinio.jpg\",\"contentUrl\":\"https:\/\/www.socitrel.pt\/wp-content\/uploads\/2025\/04\/1-Coronado-Trail-e-Socitrel-Patrocinio.jpg\",\"width\":2048,\"height\":2048},{\"@type\":\"BreadcrumbList\",\"@id\":\"https:\/\/www.socitrel.pt\/fr\/coronado-trail\/#breadcrumb\",\"itemListElement\":[{\"@type\":\"ListItem\",\"position\":1,\"name\":\"In\u00edcio\",\"item\":\"https:\/\/www.socitrel.pt\/fr\/\"},{\"@type\":\"ListItem\",\"position\":2,\"name\":\"Coronado Trail\"}]},{\"@type\":\"WebSite\",\"@id\":\"https:\/\/www.socitrel.pt\/#website\",\"url\":\"https:\/\/www.socitrel.pt\/\",\"name\":\"Socitrel - Sociedade Industrial de Trefilaria\",\"description\":\"Sociedade Industrial de Trefilaria\",\"publisher\":{\"@id\":\"https:\/\/www.socitrel.pt\/#organization\"},\"potentialAction\":[{\"@type\":\"SearchAction\",\"target\":{\"@type\":\"EntryPoint\",\"urlTemplate\":\"https:\/\/www.socitrel.pt\/?s={search_term_string}\"},\"query-input\":{\"@type\":\"PropertyValueSpecification\",\"valueRequired\":true,\"valueName\":\"search_term_string\"}}],\"inLanguage\":\"fr-FR\"},{\"@type\":\"Organization\",\"@id\":\"https:\/\/www.socitrel.pt\/#organization\",\"name\":\"Socitrel - Sociedade Industrial de Trefilaria\",\"url\":\"https:\/\/www.socitrel.pt\/\",\"logo\":{\"@type\":\"ImageObject\",\"inLanguage\":\"fr-FR\",\"@id\":\"https:\/\/www.socitrel.pt\/#\/schema\/logo\/image\/\",\"url\":\"https:\/\/www.socitrel.pt\/wp-content\/uploads\/2017\/01\/logo_socitrel_final.png\",\"contentUrl\":\"https:\/\/www.socitrel.pt\/wp-content\/uploads\/2017\/01\/logo_socitrel_final.png\",\"width\":590,\"height\":223,\"caption\":\"Socitrel - Sociedade Industrial de Trefilaria\"},\"image\":{\"@id\":\"https:\/\/www.socitrel.pt\/#\/schema\/logo\/image\/\"}},{\"@type\":\"Person\",\"@id\":\"https:\/\/www.socitrel.pt\/#\/schema\/person\/bd88eda7314237cadeb120f0e5b9f767\",\"name\":\"Paulo Ermida\",\"image\":{\"@type\":\"ImageObject\",\"inLanguage\":\"fr-FR\",\"@id\":\"https:\/\/secure.gravatar.com\/avatar\/8a4e3aa826e30e90547f705a9f055b07fc06746aea4742e0a54b26428d5f4924?s=96&d=mm&r=g\",\"url\":\"https:\/\/secure.gravatar.com\/avatar\/8a4e3aa826e30e90547f705a9f055b07fc06746aea4742e0a54b26428d5f4924?s=96&d=mm&r=g\",\"contentUrl\":\"https:\/\/secure.gravatar.com\/avatar\/8a4e3aa826e30e90547f705a9f055b07fc06746aea4742e0a54b26428d5f4924?s=96&d=mm&r=g\",\"caption\":\"Paulo Ermida\"},\"url\":\"https:\/\/www.socitrel.pt\/fr\/author\/socitrel\/\"}]}<\/script>\n<!-- \/ Yoast SEO plugin. -->","yoast_head_json":{"title":"Coronado Trail - Socitrel - Sociedade Industrial de Trefilaria","robots":{"index":"index","follow":"follow","max-snippet":"max-snippet:-1","max-image-preview":"max-image-preview:large","max-video-preview":"max-video-preview:-1"},"canonical":"https:\/\/www.socitrel.pt\/fr\/coronado-trail\/","og_locale":"fr_FR","og_type":"article","og_title":"Coronado Trail - Socitrel - Sociedade Industrial de Trefilaria","og_description":"Un week-end plein d&rsquo;\u00e9nergie et d&rsquo;esprit d&rsquo;\u00e9quipe pour Socitrel ! Dimanche dernier, nous avons particip\u00e9 \u00e0 une course \u00e0 pied et \u00e0 une marche inspirantes, auxquelles ont pris part 921 athl\u00e8tes. Outre notre parrainage de l&rsquo;\u00e9v\u00e9nement, Socitrel \u00e9tait repr\u00e9sent\u00e9 par une \u00e9quipe fantastique de 15...","og_url":"https:\/\/www.socitrel.pt\/fr\/coronado-trail\/","og_site_name":"Socitrel - Sociedade Industrial de Trefilaria","article_published_time":"2025-04-11T15:43:49+00:00","article_modified_time":"2025-06-06T15:46:22+00:00","og_image":[{"width":2048,"height":2048,"url":"https:\/\/www.socitrel.pt\/wp-content\/uploads\/2025\/04\/1-Coronado-Trail-e-Socitrel-Patrocinio.jpg","type":"image\/jpeg"}],"author":"Paulo Ermida","twitter_card":"summary_large_image","twitter_misc":{"\u00c9crit par":"Paulo Ermida","Dur\u00e9e de lecture estim\u00e9e":"3 minutes"},"schema":{"@context":"https:\/\/schema.org","@graph":[{"@type":"Article","@id":"https:\/\/www.socitrel.pt\/fr\/coronado-trail\/#article","isPartOf":{"@id":"https:\/\/www.socitrel.pt\/fr\/coronado-trail\/"},"author":{"name":"Paulo Ermida","@id":"https:\/\/www.socitrel.pt\/#\/schema\/person\/bd88eda7314237cadeb120f0e5b9f767"},"headline":"Coronado Trail","datePublished":"2025-04-11T15:43:49+00:00","dateModified":"2025-06-06T15:46:22+00:00","mainEntityOfPage":{"@id":"https:\/\/www.socitrel.pt\/fr\/coronado-trail\/"},"wordCount":87,"commentCount":0,"publisher":{"@id":"https:\/\/www.socitrel.pt\/#organization"},"image":{"@id":"https:\/\/www.socitrel.pt\/fr\/coronado-trail\/#primaryimage"},"thumbnailUrl":"https:\/\/www.socitrel.pt\/wp-content\/uploads\/2025\/04\/1-Coronado-Trail-e-Socitrel-Patrocinio.jpg","articleSection":["Non classifi\u00e9(e)"],"inLanguage":"fr-FR","potentialAction":[{"@type":"CommentAction","name":"Comment","target":["https:\/\/www.socitrel.pt\/fr\/coronado-trail\/#respond"]}]},{"@type":"WebPage","@id":"https:\/\/www.socitrel.pt\/fr\/coronado-trail\/","url":"https:\/\/www.socitrel.pt\/fr\/coronado-trail\/","name":"Coronado Trail - Socitrel - Sociedade Industrial de Trefilaria","isPartOf":{"@id":"https:\/\/www.socitrel.pt\/#website"},"primaryImageOfPage":{"@id":"https:\/\/www.socitrel.pt\/fr\/coronado-trail\/#primaryimage"},"image":{"@id":"https:\/\/www.socitrel.pt\/fr\/coronado-trail\/#primaryimage"},"thumbnailUrl":"https:\/\/www.socitrel.pt\/wp-content\/uploads\/2025\/04\/1-Coronado-Trail-e-Socitrel-Patrocinio.jpg","datePublished":"2025-04-11T15:43:49+00:00","dateModified":"2025-06-06T15:46:22+00:00","breadcrumb":{"@id":"https:\/\/www.socitrel.pt\/fr\/coronado-trail\/#breadcrumb"},"inLanguage":"fr-FR","potentialAction":[{"@type":"ReadAction","target":["https:\/\/www.socitrel.pt\/fr\/coronado-trail\/"]}]},{"@type":"ImageObject","inLanguage":"fr-FR","@id":"https:\/\/www.socitrel.pt\/fr\/coronado-trail\/#primaryimage","url":"https:\/\/www.socitrel.pt\/wp-content\/uploads\/2025\/04\/1-Coronado-Trail-e-Socitrel-Patrocinio.jpg","contentUrl":"https:\/\/www.socitrel.pt\/wp-content\/uploads\/2025\/04\/1-Coronado-Trail-e-Socitrel-Patrocinio.jpg","width":2048,"height":2048},{"@type":"BreadcrumbList","@id":"https:\/\/www.socitrel.pt\/fr\/coronado-trail\/#breadcrumb","itemListElement":[{"@type":"ListItem","position":1,"name":"In\u00edcio","item":"https:\/\/www.socitrel.pt\/fr\/"},{"@type":"ListItem","position":2,"name":"Coronado Trail"}]},{"@type":"WebSite","@id":"https:\/\/www.socitrel.pt\/#website","url":"https:\/\/www.socitrel.pt\/","name":"Socitrel - Sociedade Industrial de Trefilaria","description":"Sociedade Industrial de Trefilaria","publisher":{"@id":"https:\/\/www.socitrel.pt\/#organization"},"potentialAction":[{"@type":"SearchAction","target":{"@type":"EntryPoint","urlTemplate":"https:\/\/www.socitrel.pt\/?s={search_term_string}"},"query-input":{"@type":"PropertyValueSpecification","valueRequired":true,"valueName":"search_term_string"}}],"inLanguage":"fr-FR"},{"@type":"Organization","@id":"https:\/\/www.socitrel.pt\/#organization","name":"Socitrel - Sociedade Industrial de Trefilaria","url":"https:\/\/www.socitrel.pt\/","logo":{"@type":"ImageObject","inLanguage":"fr-FR","@id":"https:\/\/www.socitrel.pt\/#\/schema\/logo\/image\/","url":"https:\/\/www.socitrel.pt\/wp-content\/uploads\/2017\/01\/logo_socitrel_final.png","contentUrl":"https:\/\/www.socitrel.pt\/wp-content\/uploads\/2017\/01\/logo_socitrel_final.png","width":590,"height":223,"caption":"Socitrel - Sociedade Industrial de Trefilaria"},"image":{"@id":"https:\/\/www.socitrel.pt\/#\/schema\/logo\/image\/"}},{"@type":"Person","@id":"https:\/\/www.socitrel.pt\/#\/schema\/person\/bd88eda7314237cadeb120f0e5b9f767","name":"Paulo Ermida","image":{"@type":"ImageObject","inLanguage":"fr-FR","@id":"https:\/\/secure.gravatar.com\/avatar\/8a4e3aa826e30e90547f705a9f055b07fc06746aea4742e0a54b26428d5f4924?s=96&d=mm&r=g","url":"https:\/\/secure.gravatar.com\/avatar\/8a4e3aa826e30e90547f705a9f055b07fc06746aea4742e0a54b26428d5f4924?s=96&d=mm&r=g","contentUrl":"https:\/\/secure.gravatar.com\/avatar\/8a4e3aa826e30e90547f705a9f055b07fc06746aea4742e0a54b26428d5f4924?s=96&d=mm&r=g","caption":"Paulo Ermida"},"url":"https:\/\/www.socitrel.pt\/fr\/author\/socitrel\/"}]}},"_links":{"self":[{"href":"https:\/\/www.socitrel.pt\/fr\/wp-json\/wp\/v2\/posts\/5034","targetHints":{"allow":["GET"]}}],"collection":[{"href":"https:\/\/www.socitrel.pt\/fr\/wp-json\/wp\/v2\/posts"}],"about":[{"href":"https:\/\/www.socitrel.pt\/fr\/wp-json\/wp\/v2\/types\/post"}],"author":[{"embeddable":true,"href":"https:\/\/www.socitrel.pt\/fr\/wp-json\/wp\/v2\/users\/2"}],"replies":[{"embeddable":true,"href":"https:\/\/www.socitrel.pt\/fr\/wp-json\/wp\/v2\/comments?post=5034"}],"version-history":[{"count":1,"href":"https:\/\/www.socitrel.pt\/fr\/wp-json\/wp\/v2\/posts\/5034\/revisions"}],"predecessor-version":[{"id":5035,"href":"https:\/\/www.socitrel.pt\/fr\/wp-json\/wp\/v2\/posts\/5034\/revisions\/5035"}],"wp:featuredmedia":[{"embeddable":true,"href":"https:\/\/www.socitrel.pt\/fr\/wp-json\/wp\/v2\/media\/4945"}],"wp:attachment":[{"href":"https:\/\/www.socitrel.pt\/fr\/wp-json\/wp\/v2\/media?parent=5034"}],"wp:term":[{"taxonomy":"category","embeddable":true,"href":"https:\/\/www.socitrel.pt\/fr\/wp-json\/wp\/v2\/categories?post=5034"},{"taxonomy":"post_tag","embeddable":true,"href":"https:\/\/www.socitrel.pt\/fr\/wp-json\/wp\/v2\/tags?post=5034"}],"curies":[{"name":"wp","href":"https:\/\/api.w.org\/{rel}","templated":true}]}}