{"id":4156,"date":"2023-11-02T11:46:53","date_gmt":"2023-11-02T11:46:53","guid":{"rendered":"https:\/\/www.socitrel.pt\/celebrons-lexcellence-en-matiere-de-normes-de-qualite-denvironnement-et-de-securite\/"},"modified":"2023-11-08T16:40:49","modified_gmt":"2023-11-08T16:40:49","slug":"celebrons-lexcellence-en-matiere-de-normes-de-qualite-denvironnement-et-de-securite","status":"publish","type":"post","link":"https:\/\/www.socitrel.pt\/fr\/celebrons-lexcellence-en-matiere-de-normes-de-qualite-denvironnement-et-de-securite\/","title":{"rendered":"C\u00e9l\u00e9brons l\u2019excellence en mati\u00e8re de normes de qualit\u00e9, d\u2019environnement et de s\u00e9curit\u00e9!"},"content":{"rendered":"<p>Socitrel annonce qu&rsquo;APCER a confirm\u00e9 la poursuite de la certification de Socitrel pour les normes NP EN ISO 9001 (Qualit\u00e9), NP EN ISO 14001 (Environnement) et NP ISO 45001 (S\u00e9curit\u00e9) mises en \u0153uvre au sein de notre organisation.<\/p>\n<p>Nous pensons que ces certifications valident non seulement nos pratiques existantes, mais servent \u00e9galement de base \u00e0 l&rsquo;am\u00e9lioration continue et \u00e0 l&rsquo;innovation dans notre industrie. \u00c0 mesure que nous avan\u00e7ons, nous restons d\u00e9termin\u00e9s \u00e0 fournir des produits et services exceptionnels qui respectent et d\u00e9passent les normes mondiales.<\/p>\n<p>Un grand merci \u00e0 nos partenaires pour leur soutien ! Ensemble, nous continuerons \u00e0 cro\u00eetre et \u00e0 \u00e9tablir de nouvelles r\u00e9f\u00e9rences en mati\u00e8re de qualit\u00e9, de conscience environnementale et de s\u00e9curit\u00e9.<\/p>\n","protected":false},"excerpt":{"rendered":"<p>Socitrel annonce qu&rsquo;APCER a confirm\u00e9 la poursuite de la certification de Socitrel pour les normes NP EN ISO 9001 (Qualit\u00e9), NP EN ISO 14001 (Environnement) et NP ISO 45001 (S\u00e9curit\u00e9) mises en \u0153uvre au sein de notre organisation. Nous pensons que ces certifications valident non&#8230;<\/p>\n","protected":false},"author":2,"featured_media":4151,"comment_status":"open","ping_status":"open","sticky":false,"template":"","format":"standard","meta":{"footnotes":""},"categories":[109],"tags":[],"class_list":["post-4156","post","type-post","status-publish","format-standard","has-post-thumbnail","hentry","category-non-classifiee"],"yoast_head":"<!-- This site is optimized with the Yoast SEO plugin v27.2 - https:\/\/yoast.com\/product\/yoast-seo-wordpress\/ -->\n<title>Celebrons l&#039;Excellence - Socitrel<\/title>\n<meta name=\"description\" content=\"Socitrel renouvelle ses certifications ISO 9001, 14001 &amp; 45001. Engag\u00e9 envers l\u2019excellence, la durabilit\u00e9 et la s\u00e9curit\u00e9.\" \/>\n<meta name=\"robots\" content=\"index, follow, max-snippet:-1, max-image-preview:large, max-video-preview:-1\" \/>\n<link rel=\"canonical\" href=\"https:\/\/www.socitrel.pt\/fr\/celebrons-lexcellence-en-matiere-de-normes-de-qualite-denvironnement-et-de-securite\/\" \/>\n<meta property=\"og:locale\" content=\"fr_FR\" \/>\n<meta property=\"og:type\" content=\"article\" \/>\n<meta property=\"og:title\" content=\"Celebrons l&#039;Excellence - Socitrel\" \/>\n<meta property=\"og:description\" content=\"Socitrel renouvelle ses certifications ISO 9001, 14001 &amp; 45001. Engag\u00e9 envers l\u2019excellence, la durabilit\u00e9 et la s\u00e9curit\u00e9.\" \/>\n<meta property=\"og:url\" content=\"https:\/\/www.socitrel.pt\/fr\/celebrons-lexcellence-en-matiere-de-normes-de-qualite-denvironnement-et-de-securite\/\" \/>\n<meta property=\"og:site_name\" content=\"Socitrel - Sociedade Industrial de Trefilaria\" \/>\n<meta property=\"article:published_time\" content=\"2023-11-02T11:46:53+00:00\" \/>\n<meta property=\"article:modified_time\" content=\"2023-11-08T16:40:49+00:00\" \/>\n<meta property=\"og:image\" content=\"https:\/\/www.socitrel.pt\/wp-content\/uploads\/2023\/11\/socitterl.jpeg\" \/>\n\t<meta property=\"og:image:width\" content=\"1280\" \/>\n\t<meta property=\"og:image:height\" content=\"719\" \/>\n\t<meta property=\"og:image:type\" content=\"image\/jpeg\" \/>\n<meta name=\"author\" content=\"Paulo Ermida\" \/>\n<meta name=\"twitter:card\" content=\"summary_large_image\" \/>\n<meta name=\"twitter:label1\" content=\"\u00c9crit par\" \/>\n\t<meta name=\"twitter:data1\" content=\"Paulo Ermida\" \/>\n\t<meta name=\"twitter:label2\" content=\"Dur\u00e9e de lecture estim\u00e9e\" \/>\n\t<meta name=\"twitter:data2\" content=\"1 minute\" \/>\n<script type=\"application\/ld+json\" class=\"yoast-schema-graph\">{\"@context\":\"https:\/\/schema.org\",\"@graph\":[{\"@type\":\"Article\",\"@id\":\"https:\/\/www.socitrel.pt\/fr\/celebrons-lexcellence-en-matiere-de-normes-de-qualite-denvironnement-et-de-securite\/#article\",\"isPartOf\":{\"@id\":\"https:\/\/www.socitrel.pt\/fr\/celebrons-lexcellence-en-matiere-de-normes-de-qualite-denvironnement-et-de-securite\/\"},\"author\":{\"name\":\"Paulo Ermida\",\"@id\":\"https:\/\/www.socitrel.pt\/#\/schema\/person\/bd88eda7314237cadeb120f0e5b9f767\"},\"headline\":\"C\u00e9l\u00e9brons l\u2019excellence en mati\u00e8re de normes de qualit\u00e9, d\u2019environnement et de s\u00e9curit\u00e9!\",\"datePublished\":\"2023-11-02T11:46:53+00:00\",\"dateModified\":\"2023-11-08T16:40:49+00:00\",\"mainEntityOfPage\":{\"@id\":\"https:\/\/www.socitrel.pt\/fr\/celebrons-lexcellence-en-matiere-de-normes-de-qualite-denvironnement-et-de-securite\/\"},\"wordCount\":134,\"commentCount\":0,\"publisher\":{\"@id\":\"https:\/\/www.socitrel.pt\/#organization\"},\"image\":{\"@id\":\"https:\/\/www.socitrel.pt\/fr\/celebrons-lexcellence-en-matiere-de-normes-de-qualite-denvironnement-et-de-securite\/#primaryimage\"},\"thumbnailUrl\":\"https:\/\/www.socitrel.pt\/wp-content\/uploads\/2023\/11\/socitterl.jpeg\",\"articleSection\":[\"Non classifi\u00e9(e)\"],\"inLanguage\":\"fr-FR\",\"potentialAction\":[{\"@type\":\"CommentAction\",\"name\":\"Comment\",\"target\":[\"https:\/\/www.socitrel.pt\/fr\/celebrons-lexcellence-en-matiere-de-normes-de-qualite-denvironnement-et-de-securite\/#respond\"]}]},{\"@type\":\"WebPage\",\"@id\":\"https:\/\/www.socitrel.pt\/fr\/celebrons-lexcellence-en-matiere-de-normes-de-qualite-denvironnement-et-de-securite\/\",\"url\":\"https:\/\/www.socitrel.pt\/fr\/celebrons-lexcellence-en-matiere-de-normes-de-qualite-denvironnement-et-de-securite\/\",\"name\":\"Celebrons l'Excellence - Socitrel\",\"isPartOf\":{\"@id\":\"https:\/\/www.socitrel.pt\/#website\"},\"primaryImageOfPage\":{\"@id\":\"https:\/\/www.socitrel.pt\/fr\/celebrons-lexcellence-en-matiere-de-normes-de-qualite-denvironnement-et-de-securite\/#primaryimage\"},\"image\":{\"@id\":\"https:\/\/www.socitrel.pt\/fr\/celebrons-lexcellence-en-matiere-de-normes-de-qualite-denvironnement-et-de-securite\/#primaryimage\"},\"thumbnailUrl\":\"https:\/\/www.socitrel.pt\/wp-content\/uploads\/2023\/11\/socitterl.jpeg\",\"datePublished\":\"2023-11-02T11:46:53+00:00\",\"dateModified\":\"2023-11-08T16:40:49+00:00\",\"description\":\"Socitrel renouvelle ses certifications ISO 9001, 14001 & 45001. Engag\u00e9 envers l\u2019excellence, la durabilit\u00e9 et la s\u00e9curit\u00e9.\",\"breadcrumb\":{\"@id\":\"https:\/\/www.socitrel.pt\/fr\/celebrons-lexcellence-en-matiere-de-normes-de-qualite-denvironnement-et-de-securite\/#breadcrumb\"},\"inLanguage\":\"fr-FR\",\"potentialAction\":[{\"@type\":\"ReadAction\",\"target\":[\"https:\/\/www.socitrel.pt\/fr\/celebrons-lexcellence-en-matiere-de-normes-de-qualite-denvironnement-et-de-securite\/\"]}]},{\"@type\":\"ImageObject\",\"inLanguage\":\"fr-FR\",\"@id\":\"https:\/\/www.socitrel.pt\/fr\/celebrons-lexcellence-en-matiere-de-normes-de-qualite-denvironnement-et-de-securite\/#primaryimage\",\"url\":\"https:\/\/www.socitrel.pt\/wp-content\/uploads\/2023\/11\/socitterl.jpeg\",\"contentUrl\":\"https:\/\/www.socitrel.pt\/wp-content\/uploads\/2023\/11\/socitterl.jpeg\",\"width\":1280,\"height\":719,\"caption\":\"vista \u00e1rea empresa socitrel\"},{\"@type\":\"BreadcrumbList\",\"@id\":\"https:\/\/www.socitrel.pt\/fr\/celebrons-lexcellence-en-matiere-de-normes-de-qualite-denvironnement-et-de-securite\/#breadcrumb\",\"itemListElement\":[{\"@type\":\"ListItem\",\"position\":1,\"name\":\"In\u00edcio\",\"item\":\"https:\/\/www.socitrel.pt\/fr\/\"},{\"@type\":\"ListItem\",\"position\":2,\"name\":\"C\u00e9l\u00e9brons l\u2019excellence en mati\u00e8re de normes de qualit\u00e9, d\u2019environnement et de s\u00e9curit\u00e9!\"}]},{\"@type\":\"WebSite\",\"@id\":\"https:\/\/www.socitrel.pt\/#website\",\"url\":\"https:\/\/www.socitrel.pt\/\",\"name\":\"Socitrel - Sociedade Industrial de Trefilaria\",\"description\":\"Sociedade Industrial de Trefilaria\",\"publisher\":{\"@id\":\"https:\/\/www.socitrel.pt\/#organization\"},\"potentialAction\":[{\"@type\":\"SearchAction\",\"target\":{\"@type\":\"EntryPoint\",\"urlTemplate\":\"https:\/\/www.socitrel.pt\/?s={search_term_string}\"},\"query-input\":{\"@type\":\"PropertyValueSpecification\",\"valueRequired\":true,\"valueName\":\"search_term_string\"}}],\"inLanguage\":\"fr-FR\"},{\"@type\":\"Organization\",\"@id\":\"https:\/\/www.socitrel.pt\/#organization\",\"name\":\"Socitrel - Sociedade Industrial de Trefilaria\",\"url\":\"https:\/\/www.socitrel.pt\/\",\"logo\":{\"@type\":\"ImageObject\",\"inLanguage\":\"fr-FR\",\"@id\":\"https:\/\/www.socitrel.pt\/#\/schema\/logo\/image\/\",\"url\":\"https:\/\/www.socitrel.pt\/wp-content\/uploads\/2017\/01\/logo_socitrel_final.png\",\"contentUrl\":\"https:\/\/www.socitrel.pt\/wp-content\/uploads\/2017\/01\/logo_socitrel_final.png\",\"width\":590,\"height\":223,\"caption\":\"Socitrel - Sociedade Industrial de Trefilaria\"},\"image\":{\"@id\":\"https:\/\/www.socitrel.pt\/#\/schema\/logo\/image\/\"}},{\"@type\":\"Person\",\"@id\":\"https:\/\/www.socitrel.pt\/#\/schema\/person\/bd88eda7314237cadeb120f0e5b9f767\",\"name\":\"Paulo Ermida\",\"image\":{\"@type\":\"ImageObject\",\"inLanguage\":\"fr-FR\",\"@id\":\"https:\/\/secure.gravatar.com\/avatar\/8a4e3aa826e30e90547f705a9f055b07fc06746aea4742e0a54b26428d5f4924?s=96&d=mm&r=g\",\"url\":\"https:\/\/secure.gravatar.com\/avatar\/8a4e3aa826e30e90547f705a9f055b07fc06746aea4742e0a54b26428d5f4924?s=96&d=mm&r=g\",\"contentUrl\":\"https:\/\/secure.gravatar.com\/avatar\/8a4e3aa826e30e90547f705a9f055b07fc06746aea4742e0a54b26428d5f4924?s=96&d=mm&r=g\",\"caption\":\"Paulo Ermida\"},\"url\":\"https:\/\/www.socitrel.pt\/fr\/author\/socitrel\/\"}]}<\/script>\n<!-- \/ Yoast SEO plugin. -->","yoast_head_json":{"title":"Celebrons l'Excellence - Socitrel","description":"Socitrel renouvelle ses certifications ISO 9001, 14001 & 45001. Engag\u00e9 envers l\u2019excellence, la durabilit\u00e9 et la s\u00e9curit\u00e9.","robots":{"index":"index","follow":"follow","max-snippet":"max-snippet:-1","max-image-preview":"max-image-preview:large","max-video-preview":"max-video-preview:-1"},"canonical":"https:\/\/www.socitrel.pt\/fr\/celebrons-lexcellence-en-matiere-de-normes-de-qualite-denvironnement-et-de-securite\/","og_locale":"fr_FR","og_type":"article","og_title":"Celebrons l'Excellence - Socitrel","og_description":"Socitrel renouvelle ses certifications ISO 9001, 14001 & 45001. Engag\u00e9 envers l\u2019excellence, la durabilit\u00e9 et la s\u00e9curit\u00e9.","og_url":"https:\/\/www.socitrel.pt\/fr\/celebrons-lexcellence-en-matiere-de-normes-de-qualite-denvironnement-et-de-securite\/","og_site_name":"Socitrel - Sociedade Industrial de Trefilaria","article_published_time":"2023-11-02T11:46:53+00:00","article_modified_time":"2023-11-08T16:40:49+00:00","og_image":[{"width":1280,"height":719,"url":"https:\/\/www.socitrel.pt\/wp-content\/uploads\/2023\/11\/socitterl.jpeg","type":"image\/jpeg"}],"author":"Paulo Ermida","twitter_card":"summary_large_image","twitter_misc":{"\u00c9crit par":"Paulo Ermida","Dur\u00e9e de lecture estim\u00e9e":"1 minute"},"schema":{"@context":"https:\/\/schema.org","@graph":[{"@type":"Article","@id":"https:\/\/www.socitrel.pt\/fr\/celebrons-lexcellence-en-matiere-de-normes-de-qualite-denvironnement-et-de-securite\/#article","isPartOf":{"@id":"https:\/\/www.socitrel.pt\/fr\/celebrons-lexcellence-en-matiere-de-normes-de-qualite-denvironnement-et-de-securite\/"},"author":{"name":"Paulo Ermida","@id":"https:\/\/www.socitrel.pt\/#\/schema\/person\/bd88eda7314237cadeb120f0e5b9f767"},"headline":"C\u00e9l\u00e9brons l\u2019excellence en mati\u00e8re de normes de qualit\u00e9, d\u2019environnement et de s\u00e9curit\u00e9!","datePublished":"2023-11-02T11:46:53+00:00","dateModified":"2023-11-08T16:40:49+00:00","mainEntityOfPage":{"@id":"https:\/\/www.socitrel.pt\/fr\/celebrons-lexcellence-en-matiere-de-normes-de-qualite-denvironnement-et-de-securite\/"},"wordCount":134,"commentCount":0,"publisher":{"@id":"https:\/\/www.socitrel.pt\/#organization"},"image":{"@id":"https:\/\/www.socitrel.pt\/fr\/celebrons-lexcellence-en-matiere-de-normes-de-qualite-denvironnement-et-de-securite\/#primaryimage"},"thumbnailUrl":"https:\/\/www.socitrel.pt\/wp-content\/uploads\/2023\/11\/socitterl.jpeg","articleSection":["Non classifi\u00e9(e)"],"inLanguage":"fr-FR","potentialAction":[{"@type":"CommentAction","name":"Comment","target":["https:\/\/www.socitrel.pt\/fr\/celebrons-lexcellence-en-matiere-de-normes-de-qualite-denvironnement-et-de-securite\/#respond"]}]},{"@type":"WebPage","@id":"https:\/\/www.socitrel.pt\/fr\/celebrons-lexcellence-en-matiere-de-normes-de-qualite-denvironnement-et-de-securite\/","url":"https:\/\/www.socitrel.pt\/fr\/celebrons-lexcellence-en-matiere-de-normes-de-qualite-denvironnement-et-de-securite\/","name":"Celebrons l'Excellence - Socitrel","isPartOf":{"@id":"https:\/\/www.socitrel.pt\/#website"},"primaryImageOfPage":{"@id":"https:\/\/www.socitrel.pt\/fr\/celebrons-lexcellence-en-matiere-de-normes-de-qualite-denvironnement-et-de-securite\/#primaryimage"},"image":{"@id":"https:\/\/www.socitrel.pt\/fr\/celebrons-lexcellence-en-matiere-de-normes-de-qualite-denvironnement-et-de-securite\/#primaryimage"},"thumbnailUrl":"https:\/\/www.socitrel.pt\/wp-content\/uploads\/2023\/11\/socitterl.jpeg","datePublished":"2023-11-02T11:46:53+00:00","dateModified":"2023-11-08T16:40:49+00:00","description":"Socitrel renouvelle ses certifications ISO 9001, 14001 & 45001. Engag\u00e9 envers l\u2019excellence, la durabilit\u00e9 et la s\u00e9curit\u00e9.","breadcrumb":{"@id":"https:\/\/www.socitrel.pt\/fr\/celebrons-lexcellence-en-matiere-de-normes-de-qualite-denvironnement-et-de-securite\/#breadcrumb"},"inLanguage":"fr-FR","potentialAction":[{"@type":"ReadAction","target":["https:\/\/www.socitrel.pt\/fr\/celebrons-lexcellence-en-matiere-de-normes-de-qualite-denvironnement-et-de-securite\/"]}]},{"@type":"ImageObject","inLanguage":"fr-FR","@id":"https:\/\/www.socitrel.pt\/fr\/celebrons-lexcellence-en-matiere-de-normes-de-qualite-denvironnement-et-de-securite\/#primaryimage","url":"https:\/\/www.socitrel.pt\/wp-content\/uploads\/2023\/11\/socitterl.jpeg","contentUrl":"https:\/\/www.socitrel.pt\/wp-content\/uploads\/2023\/11\/socitterl.jpeg","width":1280,"height":719,"caption":"vista \u00e1rea empresa socitrel"},{"@type":"BreadcrumbList","@id":"https:\/\/www.socitrel.pt\/fr\/celebrons-lexcellence-en-matiere-de-normes-de-qualite-denvironnement-et-de-securite\/#breadcrumb","itemListElement":[{"@type":"ListItem","position":1,"name":"In\u00edcio","item":"https:\/\/www.socitrel.pt\/fr\/"},{"@type":"ListItem","position":2,"name":"C\u00e9l\u00e9brons l\u2019excellence en mati\u00e8re de normes de qualit\u00e9, d\u2019environnement et de s\u00e9curit\u00e9!"}]},{"@type":"WebSite","@id":"https:\/\/www.socitrel.pt\/#website","url":"https:\/\/www.socitrel.pt\/","name":"Socitrel - Sociedade Industrial de Trefilaria","description":"Sociedade Industrial de Trefilaria","publisher":{"@id":"https:\/\/www.socitrel.pt\/#organization"},"potentialAction":[{"@type":"SearchAction","target":{"@type":"EntryPoint","urlTemplate":"https:\/\/www.socitrel.pt\/?s={search_term_string}"},"query-input":{"@type":"PropertyValueSpecification","valueRequired":true,"valueName":"search_term_string"}}],"inLanguage":"fr-FR"},{"@type":"Organization","@id":"https:\/\/www.socitrel.pt\/#organization","name":"Socitrel - Sociedade Industrial de Trefilaria","url":"https:\/\/www.socitrel.pt\/","logo":{"@type":"ImageObject","inLanguage":"fr-FR","@id":"https:\/\/www.socitrel.pt\/#\/schema\/logo\/image\/","url":"https:\/\/www.socitrel.pt\/wp-content\/uploads\/2017\/01\/logo_socitrel_final.png","contentUrl":"https:\/\/www.socitrel.pt\/wp-content\/uploads\/2017\/01\/logo_socitrel_final.png","width":590,"height":223,"caption":"Socitrel - Sociedade Industrial de Trefilaria"},"image":{"@id":"https:\/\/www.socitrel.pt\/#\/schema\/logo\/image\/"}},{"@type":"Person","@id":"https:\/\/www.socitrel.pt\/#\/schema\/person\/bd88eda7314237cadeb120f0e5b9f767","name":"Paulo Ermida","image":{"@type":"ImageObject","inLanguage":"fr-FR","@id":"https:\/\/secure.gravatar.com\/avatar\/8a4e3aa826e30e90547f705a9f055b07fc06746aea4742e0a54b26428d5f4924?s=96&d=mm&r=g","url":"https:\/\/secure.gravatar.com\/avatar\/8a4e3aa826e30e90547f705a9f055b07fc06746aea4742e0a54b26428d5f4924?s=96&d=mm&r=g","contentUrl":"https:\/\/secure.gravatar.com\/avatar\/8a4e3aa826e30e90547f705a9f055b07fc06746aea4742e0a54b26428d5f4924?s=96&d=mm&r=g","caption":"Paulo Ermida"},"url":"https:\/\/www.socitrel.pt\/fr\/author\/socitrel\/"}]}},"_links":{"self":[{"href":"https:\/\/www.socitrel.pt\/fr\/wp-json\/wp\/v2\/posts\/4156","targetHints":{"allow":["GET"]}}],"collection":[{"href":"https:\/\/www.socitrel.pt\/fr\/wp-json\/wp\/v2\/posts"}],"about":[{"href":"https:\/\/www.socitrel.pt\/fr\/wp-json\/wp\/v2\/types\/post"}],"author":[{"embeddable":true,"href":"https:\/\/www.socitrel.pt\/fr\/wp-json\/wp\/v2\/users\/2"}],"replies":[{"embeddable":true,"href":"https:\/\/www.socitrel.pt\/fr\/wp-json\/wp\/v2\/comments?post=4156"}],"version-history":[{"count":1,"href":"https:\/\/www.socitrel.pt\/fr\/wp-json\/wp\/v2\/posts\/4156\/revisions"}],"predecessor-version":[{"id":4165,"href":"https:\/\/www.socitrel.pt\/fr\/wp-json\/wp\/v2\/posts\/4156\/revisions\/4165"}],"wp:featuredmedia":[{"embeddable":true,"href":"https:\/\/www.socitrel.pt\/fr\/wp-json\/wp\/v2\/media\/4151"}],"wp:attachment":[{"href":"https:\/\/www.socitrel.pt\/fr\/wp-json\/wp\/v2\/media?parent=4156"}],"wp:term":[{"taxonomy":"category","embeddable":true,"href":"https:\/\/www.socitrel.pt\/fr\/wp-json\/wp\/v2\/categories?post=4156"},{"taxonomy":"post_tag","embeddable":true,"href":"https:\/\/www.socitrel.pt\/fr\/wp-json\/wp\/v2\/tags?post=4156"}],"curies":[{"name":"wp","href":"https:\/\/api.w.org\/{rel}","templated":true}]}}