{"id":4085,"date":"2023-10-17T14:58:51","date_gmt":"2023-10-17T13:58:51","guid":{"rendered":"https:\/\/www.socitrel.pt\/socitrel-inauguration-de-notre-tout-nouveau-site-industriel\/"},"modified":"2024-02-20T19:36:48","modified_gmt":"2024-02-20T19:36:48","slug":"socitrel-inauguration-de-notre-tout-nouveau-site-industriel","status":"publish","type":"post","link":"https:\/\/www.socitrel.pt\/fr\/socitrel-inauguration-de-notre-tout-nouveau-site-industriel\/","title":{"rendered":"Socitrel: Inauguration de notre tout nouveau site industriel"},"content":{"rendered":"<p>Le 4 ao\u00fbt, nous avons marqu\u00e9 une \u00e9tape importante dans l&rsquo;histoire de Socitrel avec l&rsquo;inauguration de notre toute nouvelle installation industrielle.<\/p>\n<p>S&rsquo;\u00e9tendant sur 5 000 m\u00e8tres carr\u00e9s, cet espace de pointe est sur le point de r\u00e9volutionner nos op\u00e9rations, nous permettant d&rsquo;atteindre de plus hauts sommets de productivit\u00e9 et d&rsquo;innovation.<\/p>\n<p>Nous avons \u00e9galement c\u00e9l\u00e9br\u00e9 l&rsquo;ach\u00e8vement de la troisi\u00e8me phase des panneaux photovolta\u00efques UPAC, d&rsquo;une puissance totale de 4,15 MWh. Cette r\u00e9alisation souligne notre engagement envers des solutions \u00e9nerg\u00e9tiques durables et notre conscience environnementale.<\/p>\n<p>Pour c\u00e9l\u00e9brer cet \u00e9v\u00e9nement, nous avons organis\u00e9 un cocktail, favorisant un environnement informel et d\u00e9tendu pour le partage et la camaraderie entre les pr\u00e9cieux membres de notre \u00e9quipe. Ce sont des moments comme ceux-ci qui nous rappellent la force de l\u2019unit\u00e9 et le pouvoir de la collaboration!<\/p>\n","protected":false},"excerpt":{"rendered":"<p>Le 4 ao\u00fbt, nous avons marqu\u00e9 une \u00e9tape importante dans l&rsquo;histoire de Socitrel avec l&rsquo;inauguration de notre toute nouvelle installation industrielle. S&rsquo;\u00e9tendant sur 5 000 m\u00e8tres carr\u00e9s, cet espace de pointe est sur le point de r\u00e9volutionner nos op\u00e9rations, nous permettant d&rsquo;atteindre de plus hauts&#8230;<\/p>\n","protected":false},"author":2,"featured_media":4087,"comment_status":"open","ping_status":"open","sticky":false,"template":"","format":"standard","meta":{"footnotes":""},"categories":[139],"tags":[],"class_list":["post-4085","post","type-post","status-publish","format-standard","has-post-thumbnail","hentry","category-nouvelles"],"yoast_head":"<!-- This site is optimized with the Yoast SEO plugin v27.2 - https:\/\/yoast.com\/product\/yoast-seo-wordpress\/ -->\n<title>Inauguration de notre tout nouveau site industriel - Socitrel<\/title>\n<meta name=\"description\" content=\"D\u00e9couvrez le dernier jalon de Socitrel avec l&#039;inauguration de notre installation industrielle ultramoderne de 5 000 m\u00b2.\" \/>\n<meta name=\"robots\" content=\"index, follow, max-snippet:-1, max-image-preview:large, max-video-preview:-1\" \/>\n<link rel=\"canonical\" href=\"https:\/\/www.socitrel.pt\/fr\/socitrel-inauguration-de-notre-tout-nouveau-site-industriel\/\" \/>\n<meta property=\"og:locale\" content=\"fr_FR\" \/>\n<meta property=\"og:type\" content=\"article\" \/>\n<meta property=\"og:title\" content=\"Inauguration de notre tout nouveau site industriel - Socitrel\" \/>\n<meta property=\"og:description\" content=\"D\u00e9couvrez le dernier jalon de Socitrel avec l&#039;inauguration de notre installation industrielle ultramoderne de 5 000 m\u00b2.\" \/>\n<meta property=\"og:url\" content=\"https:\/\/www.socitrel.pt\/fr\/socitrel-inauguration-de-notre-tout-nouveau-site-industriel\/\" \/>\n<meta property=\"og:site_name\" content=\"Socitrel - Sociedade Industrial de Trefilaria\" \/>\n<meta property=\"article:published_time\" content=\"2023-10-17T13:58:51+00:00\" \/>\n<meta property=\"article:modified_time\" content=\"2024-02-20T19:36:48+00:00\" \/>\n<meta property=\"og:image\" content=\"https:\/\/www.socitrel.pt\/wp-content\/uploads\/2023\/10\/1697474189050.jpeg\" \/>\n\t<meta property=\"og:image:width\" content=\"1245\" \/>\n\t<meta property=\"og:image:height\" content=\"700\" \/>\n\t<meta property=\"og:image:type\" content=\"image\/jpeg\" \/>\n<meta name=\"author\" content=\"Paulo Ermida\" \/>\n<meta name=\"twitter:card\" content=\"summary_large_image\" \/>\n<meta name=\"twitter:label1\" content=\"\u00c9crit par\" \/>\n\t<meta name=\"twitter:data1\" content=\"Paulo Ermida\" \/>\n\t<meta name=\"twitter:label2\" content=\"Dur\u00e9e de lecture estim\u00e9e\" \/>\n\t<meta name=\"twitter:data2\" content=\"1 minute\" \/>\n<script type=\"application\/ld+json\" class=\"yoast-schema-graph\">{\"@context\":\"https:\/\/schema.org\",\"@graph\":[{\"@type\":\"Article\",\"@id\":\"https:\/\/www.socitrel.pt\/fr\/socitrel-inauguration-de-notre-tout-nouveau-site-industriel\/#article\",\"isPartOf\":{\"@id\":\"https:\/\/www.socitrel.pt\/fr\/socitrel-inauguration-de-notre-tout-nouveau-site-industriel\/\"},\"author\":{\"name\":\"Paulo Ermida\",\"@id\":\"https:\/\/www.socitrel.pt\/#\/schema\/person\/bd88eda7314237cadeb120f0e5b9f767\"},\"headline\":\"Socitrel: Inauguration de notre tout nouveau site industriel\",\"datePublished\":\"2023-10-17T13:58:51+00:00\",\"dateModified\":\"2024-02-20T19:36:48+00:00\",\"mainEntityOfPage\":{\"@id\":\"https:\/\/www.socitrel.pt\/fr\/socitrel-inauguration-de-notre-tout-nouveau-site-industriel\/\"},\"wordCount\":153,\"commentCount\":0,\"publisher\":{\"@id\":\"https:\/\/www.socitrel.pt\/#organization\"},\"image\":{\"@id\":\"https:\/\/www.socitrel.pt\/fr\/socitrel-inauguration-de-notre-tout-nouveau-site-industriel\/#primaryimage\"},\"thumbnailUrl\":\"https:\/\/www.socitrel.pt\/wp-content\/uploads\/2023\/10\/1697474189050.jpeg\",\"articleSection\":[\"Nouvelles\"],\"inLanguage\":\"fr-FR\",\"potentialAction\":[{\"@type\":\"CommentAction\",\"name\":\"Comment\",\"target\":[\"https:\/\/www.socitrel.pt\/fr\/socitrel-inauguration-de-notre-tout-nouveau-site-industriel\/#respond\"]}]},{\"@type\":\"WebPage\",\"@id\":\"https:\/\/www.socitrel.pt\/fr\/socitrel-inauguration-de-notre-tout-nouveau-site-industriel\/\",\"url\":\"https:\/\/www.socitrel.pt\/fr\/socitrel-inauguration-de-notre-tout-nouveau-site-industriel\/\",\"name\":\"Inauguration de notre tout nouveau site industriel - Socitrel\",\"isPartOf\":{\"@id\":\"https:\/\/www.socitrel.pt\/#website\"},\"primaryImageOfPage\":{\"@id\":\"https:\/\/www.socitrel.pt\/fr\/socitrel-inauguration-de-notre-tout-nouveau-site-industriel\/#primaryimage\"},\"image\":{\"@id\":\"https:\/\/www.socitrel.pt\/fr\/socitrel-inauguration-de-notre-tout-nouveau-site-industriel\/#primaryimage\"},\"thumbnailUrl\":\"https:\/\/www.socitrel.pt\/wp-content\/uploads\/2023\/10\/1697474189050.jpeg\",\"datePublished\":\"2023-10-17T13:58:51+00:00\",\"dateModified\":\"2024-02-20T19:36:48+00:00\",\"description\":\"D\u00e9couvrez le dernier jalon de Socitrel avec l'inauguration de notre installation industrielle ultramoderne de 5 000 m\u00b2.\",\"breadcrumb\":{\"@id\":\"https:\/\/www.socitrel.pt\/fr\/socitrel-inauguration-de-notre-tout-nouveau-site-industriel\/#breadcrumb\"},\"inLanguage\":\"fr-FR\",\"potentialAction\":[{\"@type\":\"ReadAction\",\"target\":[\"https:\/\/www.socitrel.pt\/fr\/socitrel-inauguration-de-notre-tout-nouveau-site-industriel\/\"]}]},{\"@type\":\"ImageObject\",\"inLanguage\":\"fr-FR\",\"@id\":\"https:\/\/www.socitrel.pt\/fr\/socitrel-inauguration-de-notre-tout-nouveau-site-industriel\/#primaryimage\",\"url\":\"https:\/\/www.socitrel.pt\/wp-content\/uploads\/2023\/10\/1697474189050.jpeg\",\"contentUrl\":\"https:\/\/www.socitrel.pt\/wp-content\/uploads\/2023\/10\/1697474189050.jpeg\",\"width\":1245,\"height\":700,\"caption\":\"new-brand facility\"},{\"@type\":\"BreadcrumbList\",\"@id\":\"https:\/\/www.socitrel.pt\/fr\/socitrel-inauguration-de-notre-tout-nouveau-site-industriel\/#breadcrumb\",\"itemListElement\":[{\"@type\":\"ListItem\",\"position\":1,\"name\":\"In\u00edcio\",\"item\":\"https:\/\/www.socitrel.pt\/fr\/\"},{\"@type\":\"ListItem\",\"position\":2,\"name\":\"Socitrel: Inauguration de notre tout nouveau site industriel\"}]},{\"@type\":\"WebSite\",\"@id\":\"https:\/\/www.socitrel.pt\/#website\",\"url\":\"https:\/\/www.socitrel.pt\/\",\"name\":\"Socitrel - Sociedade Industrial de Trefilaria\",\"description\":\"Sociedade Industrial de Trefilaria\",\"publisher\":{\"@id\":\"https:\/\/www.socitrel.pt\/#organization\"},\"potentialAction\":[{\"@type\":\"SearchAction\",\"target\":{\"@type\":\"EntryPoint\",\"urlTemplate\":\"https:\/\/www.socitrel.pt\/?s={search_term_string}\"},\"query-input\":{\"@type\":\"PropertyValueSpecification\",\"valueRequired\":true,\"valueName\":\"search_term_string\"}}],\"inLanguage\":\"fr-FR\"},{\"@type\":\"Organization\",\"@id\":\"https:\/\/www.socitrel.pt\/#organization\",\"name\":\"Socitrel - Sociedade Industrial de Trefilaria\",\"url\":\"https:\/\/www.socitrel.pt\/\",\"logo\":{\"@type\":\"ImageObject\",\"inLanguage\":\"fr-FR\",\"@id\":\"https:\/\/www.socitrel.pt\/#\/schema\/logo\/image\/\",\"url\":\"https:\/\/www.socitrel.pt\/wp-content\/uploads\/2017\/01\/logo_socitrel_final.png\",\"contentUrl\":\"https:\/\/www.socitrel.pt\/wp-content\/uploads\/2017\/01\/logo_socitrel_final.png\",\"width\":590,\"height\":223,\"caption\":\"Socitrel - Sociedade Industrial de Trefilaria\"},\"image\":{\"@id\":\"https:\/\/www.socitrel.pt\/#\/schema\/logo\/image\/\"}},{\"@type\":\"Person\",\"@id\":\"https:\/\/www.socitrel.pt\/#\/schema\/person\/bd88eda7314237cadeb120f0e5b9f767\",\"name\":\"Paulo Ermida\",\"image\":{\"@type\":\"ImageObject\",\"inLanguage\":\"fr-FR\",\"@id\":\"https:\/\/secure.gravatar.com\/avatar\/8a4e3aa826e30e90547f705a9f055b07fc06746aea4742e0a54b26428d5f4924?s=96&d=mm&r=g\",\"url\":\"https:\/\/secure.gravatar.com\/avatar\/8a4e3aa826e30e90547f705a9f055b07fc06746aea4742e0a54b26428d5f4924?s=96&d=mm&r=g\",\"contentUrl\":\"https:\/\/secure.gravatar.com\/avatar\/8a4e3aa826e30e90547f705a9f055b07fc06746aea4742e0a54b26428d5f4924?s=96&d=mm&r=g\",\"caption\":\"Paulo Ermida\"},\"url\":\"https:\/\/www.socitrel.pt\/fr\/author\/socitrel\/\"}]}<\/script>\n<!-- \/ Yoast SEO plugin. -->","yoast_head_json":{"title":"Inauguration de notre tout nouveau site industriel - Socitrel","description":"D\u00e9couvrez le dernier jalon de Socitrel avec l'inauguration de notre installation industrielle ultramoderne de 5 000 m\u00b2.","robots":{"index":"index","follow":"follow","max-snippet":"max-snippet:-1","max-image-preview":"max-image-preview:large","max-video-preview":"max-video-preview:-1"},"canonical":"https:\/\/www.socitrel.pt\/fr\/socitrel-inauguration-de-notre-tout-nouveau-site-industriel\/","og_locale":"fr_FR","og_type":"article","og_title":"Inauguration de notre tout nouveau site industriel - Socitrel","og_description":"D\u00e9couvrez le dernier jalon de Socitrel avec l'inauguration de notre installation industrielle ultramoderne de 5 000 m\u00b2.","og_url":"https:\/\/www.socitrel.pt\/fr\/socitrel-inauguration-de-notre-tout-nouveau-site-industriel\/","og_site_name":"Socitrel - Sociedade Industrial de Trefilaria","article_published_time":"2023-10-17T13:58:51+00:00","article_modified_time":"2024-02-20T19:36:48+00:00","og_image":[{"width":1245,"height":700,"url":"https:\/\/www.socitrel.pt\/wp-content\/uploads\/2023\/10\/1697474189050.jpeg","type":"image\/jpeg"}],"author":"Paulo Ermida","twitter_card":"summary_large_image","twitter_misc":{"\u00c9crit par":"Paulo Ermida","Dur\u00e9e de lecture estim\u00e9e":"1 minute"},"schema":{"@context":"https:\/\/schema.org","@graph":[{"@type":"Article","@id":"https:\/\/www.socitrel.pt\/fr\/socitrel-inauguration-de-notre-tout-nouveau-site-industriel\/#article","isPartOf":{"@id":"https:\/\/www.socitrel.pt\/fr\/socitrel-inauguration-de-notre-tout-nouveau-site-industriel\/"},"author":{"name":"Paulo Ermida","@id":"https:\/\/www.socitrel.pt\/#\/schema\/person\/bd88eda7314237cadeb120f0e5b9f767"},"headline":"Socitrel: Inauguration de notre tout nouveau site industriel","datePublished":"2023-10-17T13:58:51+00:00","dateModified":"2024-02-20T19:36:48+00:00","mainEntityOfPage":{"@id":"https:\/\/www.socitrel.pt\/fr\/socitrel-inauguration-de-notre-tout-nouveau-site-industriel\/"},"wordCount":153,"commentCount":0,"publisher":{"@id":"https:\/\/www.socitrel.pt\/#organization"},"image":{"@id":"https:\/\/www.socitrel.pt\/fr\/socitrel-inauguration-de-notre-tout-nouveau-site-industriel\/#primaryimage"},"thumbnailUrl":"https:\/\/www.socitrel.pt\/wp-content\/uploads\/2023\/10\/1697474189050.jpeg","articleSection":["Nouvelles"],"inLanguage":"fr-FR","potentialAction":[{"@type":"CommentAction","name":"Comment","target":["https:\/\/www.socitrel.pt\/fr\/socitrel-inauguration-de-notre-tout-nouveau-site-industriel\/#respond"]}]},{"@type":"WebPage","@id":"https:\/\/www.socitrel.pt\/fr\/socitrel-inauguration-de-notre-tout-nouveau-site-industriel\/","url":"https:\/\/www.socitrel.pt\/fr\/socitrel-inauguration-de-notre-tout-nouveau-site-industriel\/","name":"Inauguration de notre tout nouveau site industriel - Socitrel","isPartOf":{"@id":"https:\/\/www.socitrel.pt\/#website"},"primaryImageOfPage":{"@id":"https:\/\/www.socitrel.pt\/fr\/socitrel-inauguration-de-notre-tout-nouveau-site-industriel\/#primaryimage"},"image":{"@id":"https:\/\/www.socitrel.pt\/fr\/socitrel-inauguration-de-notre-tout-nouveau-site-industriel\/#primaryimage"},"thumbnailUrl":"https:\/\/www.socitrel.pt\/wp-content\/uploads\/2023\/10\/1697474189050.jpeg","datePublished":"2023-10-17T13:58:51+00:00","dateModified":"2024-02-20T19:36:48+00:00","description":"D\u00e9couvrez le dernier jalon de Socitrel avec l'inauguration de notre installation industrielle ultramoderne de 5 000 m\u00b2.","breadcrumb":{"@id":"https:\/\/www.socitrel.pt\/fr\/socitrel-inauguration-de-notre-tout-nouveau-site-industriel\/#breadcrumb"},"inLanguage":"fr-FR","potentialAction":[{"@type":"ReadAction","target":["https:\/\/www.socitrel.pt\/fr\/socitrel-inauguration-de-notre-tout-nouveau-site-industriel\/"]}]},{"@type":"ImageObject","inLanguage":"fr-FR","@id":"https:\/\/www.socitrel.pt\/fr\/socitrel-inauguration-de-notre-tout-nouveau-site-industriel\/#primaryimage","url":"https:\/\/www.socitrel.pt\/wp-content\/uploads\/2023\/10\/1697474189050.jpeg","contentUrl":"https:\/\/www.socitrel.pt\/wp-content\/uploads\/2023\/10\/1697474189050.jpeg","width":1245,"height":700,"caption":"new-brand facility"},{"@type":"BreadcrumbList","@id":"https:\/\/www.socitrel.pt\/fr\/socitrel-inauguration-de-notre-tout-nouveau-site-industriel\/#breadcrumb","itemListElement":[{"@type":"ListItem","position":1,"name":"In\u00edcio","item":"https:\/\/www.socitrel.pt\/fr\/"},{"@type":"ListItem","position":2,"name":"Socitrel: Inauguration de notre tout nouveau site industriel"}]},{"@type":"WebSite","@id":"https:\/\/www.socitrel.pt\/#website","url":"https:\/\/www.socitrel.pt\/","name":"Socitrel - Sociedade Industrial de Trefilaria","description":"Sociedade Industrial de Trefilaria","publisher":{"@id":"https:\/\/www.socitrel.pt\/#organization"},"potentialAction":[{"@type":"SearchAction","target":{"@type":"EntryPoint","urlTemplate":"https:\/\/www.socitrel.pt\/?s={search_term_string}"},"query-input":{"@type":"PropertyValueSpecification","valueRequired":true,"valueName":"search_term_string"}}],"inLanguage":"fr-FR"},{"@type":"Organization","@id":"https:\/\/www.socitrel.pt\/#organization","name":"Socitrel - Sociedade Industrial de Trefilaria","url":"https:\/\/www.socitrel.pt\/","logo":{"@type":"ImageObject","inLanguage":"fr-FR","@id":"https:\/\/www.socitrel.pt\/#\/schema\/logo\/image\/","url":"https:\/\/www.socitrel.pt\/wp-content\/uploads\/2017\/01\/logo_socitrel_final.png","contentUrl":"https:\/\/www.socitrel.pt\/wp-content\/uploads\/2017\/01\/logo_socitrel_final.png","width":590,"height":223,"caption":"Socitrel - Sociedade Industrial de Trefilaria"},"image":{"@id":"https:\/\/www.socitrel.pt\/#\/schema\/logo\/image\/"}},{"@type":"Person","@id":"https:\/\/www.socitrel.pt\/#\/schema\/person\/bd88eda7314237cadeb120f0e5b9f767","name":"Paulo Ermida","image":{"@type":"ImageObject","inLanguage":"fr-FR","@id":"https:\/\/secure.gravatar.com\/avatar\/8a4e3aa826e30e90547f705a9f055b07fc06746aea4742e0a54b26428d5f4924?s=96&d=mm&r=g","url":"https:\/\/secure.gravatar.com\/avatar\/8a4e3aa826e30e90547f705a9f055b07fc06746aea4742e0a54b26428d5f4924?s=96&d=mm&r=g","contentUrl":"https:\/\/secure.gravatar.com\/avatar\/8a4e3aa826e30e90547f705a9f055b07fc06746aea4742e0a54b26428d5f4924?s=96&d=mm&r=g","caption":"Paulo Ermida"},"url":"https:\/\/www.socitrel.pt\/fr\/author\/socitrel\/"}]}},"_links":{"self":[{"href":"https:\/\/www.socitrel.pt\/fr\/wp-json\/wp\/v2\/posts\/4085","targetHints":{"allow":["GET"]}}],"collection":[{"href":"https:\/\/www.socitrel.pt\/fr\/wp-json\/wp\/v2\/posts"}],"about":[{"href":"https:\/\/www.socitrel.pt\/fr\/wp-json\/wp\/v2\/types\/post"}],"author":[{"embeddable":true,"href":"https:\/\/www.socitrel.pt\/fr\/wp-json\/wp\/v2\/users\/2"}],"replies":[{"embeddable":true,"href":"https:\/\/www.socitrel.pt\/fr\/wp-json\/wp\/v2\/comments?post=4085"}],"version-history":[{"count":2,"href":"https:\/\/www.socitrel.pt\/fr\/wp-json\/wp\/v2\/posts\/4085\/revisions"}],"predecessor-version":[{"id":4325,"href":"https:\/\/www.socitrel.pt\/fr\/wp-json\/wp\/v2\/posts\/4085\/revisions\/4325"}],"wp:featuredmedia":[{"embeddable":true,"href":"https:\/\/www.socitrel.pt\/fr\/wp-json\/wp\/v2\/media\/4087"}],"wp:attachment":[{"href":"https:\/\/www.socitrel.pt\/fr\/wp-json\/wp\/v2\/media?parent=4085"}],"wp:term":[{"taxonomy":"category","embeddable":true,"href":"https:\/\/www.socitrel.pt\/fr\/wp-json\/wp\/v2\/categories?post=4085"},{"taxonomy":"post_tag","embeddable":true,"href":"https:\/\/www.socitrel.pt\/fr\/wp-json\/wp\/v2\/tags?post=4085"}],"curies":[{"name":"wp","href":"https:\/\/api.w.org\/{rel}","templated":true}]}}