{"id":4921,"date":"2024-10-28T16:12:50","date_gmt":"2024-10-28T16:12:50","guid":{"rendered":"https:\/\/www.socitrel.pt\/?p=4921"},"modified":"2025-03-20T16:13:24","modified_gmt":"2025-03-20T16:13:24","slug":"declaracion-ambiental-de-producto","status":"publish","type":"post","link":"https:\/\/www.socitrel.pt\/es\/declaracion-ambiental-de-producto\/","title":{"rendered":"Declaraci\u00f3n Ambiental de Producto"},"content":{"rendered":"<p>Nuestros productos de Alambre de Acero Pretensado y Cord\u00f3n de Acero Pretensado cuentan ahora con la Declaraci\u00f3n Ambiental de Producto (DAP).<br \/>\nEste logro subraya nuestro compromiso con la sostenibilidad y la transparencia.<br \/>\nAl conocer el impacto medioambiental de nuestros productos, podemos seguir innovando y reduciendo nuestra huella de carbono.<\/p>\n<p><a href=\"http:\/\/www.socitrel.pt\/wp-content\/uploads\/2024\/10\/EPD-SOCITREL_PC_WIRE.pdf\" target=\"_blank\" rel=\"noopener\"><strong>Alambre de Acero Pretensado<\/strong><\/a><\/p>\n<p><a href=\"http:\/\/www.socitrel.pt\/wp-content\/uploads\/2024\/10\/EPD-SOCITREL_PC_STRAND.pdf\" target=\"_blank\" rel=\"noopener\"><strong>Cord\u00f3n de Acero Pretensado<\/strong><\/a><\/p>\n","protected":false},"excerpt":{"rendered":"<p>Nuestros productos de Alambre de Acero Pretensado y Cord\u00f3n de Acero Pretensado cuentan ahora con la Declaraci\u00f3n Ambiental de Producto (DAP). Este logro subraya nuestro compromiso con la sostenibilidad y la transparencia. Al conocer el impacto medioambiental de nuestros productos, podemos seguir innovando y reduciendo&#8230;<\/p>\n","protected":false},"author":2,"featured_media":4896,"comment_status":"open","ping_status":"open","sticky":false,"template":"","format":"standard","meta":{"footnotes":""},"categories":[106],"tags":[],"class_list":["post-4921","post","type-post","status-publish","format-standard","has-post-thumbnail","hentry","category-sin-categorizar"],"yoast_head":"<!-- This site is optimized with the Yoast SEO plugin v27.2 - https:\/\/yoast.com\/product\/yoast-seo-wordpress\/ -->\n<title>Declaraci\u00f3n Ambiental de Producto - Socitrel - Sociedade Industrial de Trefilaria<\/title>\n<meta name=\"robots\" content=\"index, follow, max-snippet:-1, max-image-preview:large, max-video-preview:-1\" \/>\n<link rel=\"canonical\" href=\"https:\/\/www.socitrel.pt\/es\/declaracion-ambiental-de-producto\/\" \/>\n<meta property=\"og:locale\" content=\"es_ES\" \/>\n<meta property=\"og:type\" content=\"article\" \/>\n<meta property=\"og:title\" content=\"Declaraci\u00f3n Ambiental de Producto - Socitrel - Sociedade Industrial de Trefilaria\" \/>\n<meta property=\"og:description\" content=\"Nuestros productos de Alambre de Acero Pretensado y Cord\u00f3n de Acero Pretensado cuentan ahora con la Declaraci\u00f3n Ambiental de Producto (DAP). Este logro subraya nuestro compromiso con la sostenibilidad y la transparencia. Al conocer el impacto medioambiental de nuestros productos, podemos seguir innovando y reduciendo...\" \/>\n<meta property=\"og:url\" content=\"https:\/\/www.socitrel.pt\/es\/declaracion-ambiental-de-producto\/\" \/>\n<meta property=\"og:site_name\" content=\"Socitrel - Sociedade Industrial de Trefilaria\" \/>\n<meta property=\"article:published_time\" content=\"2024-10-28T16:12:50+00:00\" \/>\n<meta property=\"article:modified_time\" content=\"2025-03-20T16:13:24+00:00\" \/>\n<meta property=\"og:image\" content=\"https:\/\/www.socitrel.pt\/wp-content\/uploads\/2018\/12\/DAP-EPD.png\" \/>\n\t<meta property=\"og:image:width\" content=\"279\" \/>\n\t<meta property=\"og:image:height\" content=\"58\" \/>\n\t<meta property=\"og:image:type\" content=\"image\/png\" \/>\n<meta name=\"author\" content=\"Paulo Ermida\" \/>\n<meta name=\"twitter:card\" content=\"summary_large_image\" \/>\n<meta name=\"twitter:label1\" content=\"Escrito por\" \/>\n\t<meta name=\"twitter:data1\" content=\"Paulo Ermida\" \/>\n\t<meta name=\"twitter:label2\" content=\"Tiempo de lectura\" \/>\n\t<meta name=\"twitter:data2\" content=\"1 minuto\" \/>\n<script type=\"application\/ld+json\" class=\"yoast-schema-graph\">{\"@context\":\"https:\/\/schema.org\",\"@graph\":[{\"@type\":\"Article\",\"@id\":\"https:\/\/www.socitrel.pt\/es\/declaracion-ambiental-de-producto\/#article\",\"isPartOf\":{\"@id\":\"https:\/\/www.socitrel.pt\/es\/declaracion-ambiental-de-producto\/\"},\"author\":{\"name\":\"Paulo Ermida\",\"@id\":\"https:\/\/www.socitrel.pt\/#\/schema\/person\/bd88eda7314237cadeb120f0e5b9f767\"},\"headline\":\"Declaraci\u00f3n Ambiental de Producto\",\"datePublished\":\"2024-10-28T16:12:50+00:00\",\"dateModified\":\"2025-03-20T16:13:24+00:00\",\"mainEntityOfPage\":{\"@id\":\"https:\/\/www.socitrel.pt\/es\/declaracion-ambiental-de-producto\/\"},\"wordCount\":65,\"commentCount\":0,\"publisher\":{\"@id\":\"https:\/\/www.socitrel.pt\/#organization\"},\"image\":{\"@id\":\"https:\/\/www.socitrel.pt\/es\/declaracion-ambiental-de-producto\/#primaryimage\"},\"thumbnailUrl\":\"https:\/\/www.socitrel.pt\/wp-content\/uploads\/2018\/12\/DAP-EPD.png\",\"articleSection\":[\"Sin categorizar\"],\"inLanguage\":\"es\",\"potentialAction\":[{\"@type\":\"CommentAction\",\"name\":\"Comment\",\"target\":[\"https:\/\/www.socitrel.pt\/es\/declaracion-ambiental-de-producto\/#respond\"]}]},{\"@type\":\"WebPage\",\"@id\":\"https:\/\/www.socitrel.pt\/es\/declaracion-ambiental-de-producto\/\",\"url\":\"https:\/\/www.socitrel.pt\/es\/declaracion-ambiental-de-producto\/\",\"name\":\"Declaraci\u00f3n Ambiental de Producto - Socitrel - Sociedade Industrial de Trefilaria\",\"isPartOf\":{\"@id\":\"https:\/\/www.socitrel.pt\/#website\"},\"primaryImageOfPage\":{\"@id\":\"https:\/\/www.socitrel.pt\/es\/declaracion-ambiental-de-producto\/#primaryimage\"},\"image\":{\"@id\":\"https:\/\/www.socitrel.pt\/es\/declaracion-ambiental-de-producto\/#primaryimage\"},\"thumbnailUrl\":\"https:\/\/www.socitrel.pt\/wp-content\/uploads\/2018\/12\/DAP-EPD.png\",\"datePublished\":\"2024-10-28T16:12:50+00:00\",\"dateModified\":\"2025-03-20T16:13:24+00:00\",\"breadcrumb\":{\"@id\":\"https:\/\/www.socitrel.pt\/es\/declaracion-ambiental-de-producto\/#breadcrumb\"},\"inLanguage\":\"es\",\"potentialAction\":[{\"@type\":\"ReadAction\",\"target\":[\"https:\/\/www.socitrel.pt\/es\/declaracion-ambiental-de-producto\/\"]}]},{\"@type\":\"ImageObject\",\"inLanguage\":\"es\",\"@id\":\"https:\/\/www.socitrel.pt\/es\/declaracion-ambiental-de-producto\/#primaryimage\",\"url\":\"https:\/\/www.socitrel.pt\/wp-content\/uploads\/2018\/12\/DAP-EPD.png\",\"contentUrl\":\"https:\/\/www.socitrel.pt\/wp-content\/uploads\/2018\/12\/DAP-EPD.png\",\"width\":279,\"height\":58},{\"@type\":\"BreadcrumbList\",\"@id\":\"https:\/\/www.socitrel.pt\/es\/declaracion-ambiental-de-producto\/#breadcrumb\",\"itemListElement\":[{\"@type\":\"ListItem\",\"position\":1,\"name\":\"In\u00edcio\",\"item\":\"https:\/\/www.socitrel.pt\/es\/\"},{\"@type\":\"ListItem\",\"position\":2,\"name\":\"Declaraci\u00f3n Ambiental de Producto\"}]},{\"@type\":\"WebSite\",\"@id\":\"https:\/\/www.socitrel.pt\/#website\",\"url\":\"https:\/\/www.socitrel.pt\/\",\"name\":\"Socitrel - Sociedade Industrial de Trefilaria\",\"description\":\"Sociedade Industrial de Trefilaria\",\"publisher\":{\"@id\":\"https:\/\/www.socitrel.pt\/#organization\"},\"potentialAction\":[{\"@type\":\"SearchAction\",\"target\":{\"@type\":\"EntryPoint\",\"urlTemplate\":\"https:\/\/www.socitrel.pt\/?s={search_term_string}\"},\"query-input\":{\"@type\":\"PropertyValueSpecification\",\"valueRequired\":true,\"valueName\":\"search_term_string\"}}],\"inLanguage\":\"es\"},{\"@type\":\"Organization\",\"@id\":\"https:\/\/www.socitrel.pt\/#organization\",\"name\":\"Socitrel - Sociedade Industrial de Trefilaria\",\"url\":\"https:\/\/www.socitrel.pt\/\",\"logo\":{\"@type\":\"ImageObject\",\"inLanguage\":\"es\",\"@id\":\"https:\/\/www.socitrel.pt\/#\/schema\/logo\/image\/\",\"url\":\"https:\/\/www.socitrel.pt\/wp-content\/uploads\/2017\/01\/logo_socitrel_final.png\",\"contentUrl\":\"https:\/\/www.socitrel.pt\/wp-content\/uploads\/2017\/01\/logo_socitrel_final.png\",\"width\":590,\"height\":223,\"caption\":\"Socitrel - Sociedade Industrial de Trefilaria\"},\"image\":{\"@id\":\"https:\/\/www.socitrel.pt\/#\/schema\/logo\/image\/\"}},{\"@type\":\"Person\",\"@id\":\"https:\/\/www.socitrel.pt\/#\/schema\/person\/bd88eda7314237cadeb120f0e5b9f767\",\"name\":\"Paulo Ermida\",\"image\":{\"@type\":\"ImageObject\",\"inLanguage\":\"es\",\"@id\":\"https:\/\/secure.gravatar.com\/avatar\/8a4e3aa826e30e90547f705a9f055b07fc06746aea4742e0a54b26428d5f4924?s=96&d=mm&r=g\",\"url\":\"https:\/\/secure.gravatar.com\/avatar\/8a4e3aa826e30e90547f705a9f055b07fc06746aea4742e0a54b26428d5f4924?s=96&d=mm&r=g\",\"contentUrl\":\"https:\/\/secure.gravatar.com\/avatar\/8a4e3aa826e30e90547f705a9f055b07fc06746aea4742e0a54b26428d5f4924?s=96&d=mm&r=g\",\"caption\":\"Paulo Ermida\"},\"url\":\"https:\/\/www.socitrel.pt\/es\/author\/socitrel\/\"}]}<\/script>\n<!-- \/ Yoast SEO plugin. -->","yoast_head_json":{"title":"Declaraci\u00f3n Ambiental de Producto - Socitrel - Sociedade Industrial de Trefilaria","robots":{"index":"index","follow":"follow","max-snippet":"max-snippet:-1","max-image-preview":"max-image-preview:large","max-video-preview":"max-video-preview:-1"},"canonical":"https:\/\/www.socitrel.pt\/es\/declaracion-ambiental-de-producto\/","og_locale":"es_ES","og_type":"article","og_title":"Declaraci\u00f3n Ambiental de Producto - Socitrel - Sociedade Industrial de Trefilaria","og_description":"Nuestros productos de Alambre de Acero Pretensado y Cord\u00f3n de Acero Pretensado cuentan ahora con la Declaraci\u00f3n Ambiental de Producto (DAP). Este logro subraya nuestro compromiso con la sostenibilidad y la transparencia. Al conocer el impacto medioambiental de nuestros productos, podemos seguir innovando y reduciendo...","og_url":"https:\/\/www.socitrel.pt\/es\/declaracion-ambiental-de-producto\/","og_site_name":"Socitrel - Sociedade Industrial de Trefilaria","article_published_time":"2024-10-28T16:12:50+00:00","article_modified_time":"2025-03-20T16:13:24+00:00","og_image":[{"width":279,"height":58,"url":"https:\/\/www.socitrel.pt\/wp-content\/uploads\/2018\/12\/DAP-EPD.png","type":"image\/png"}],"author":"Paulo Ermida","twitter_card":"summary_large_image","twitter_misc":{"Escrito por":"Paulo Ermida","Tiempo de lectura":"1 minuto"},"schema":{"@context":"https:\/\/schema.org","@graph":[{"@type":"Article","@id":"https:\/\/www.socitrel.pt\/es\/declaracion-ambiental-de-producto\/#article","isPartOf":{"@id":"https:\/\/www.socitrel.pt\/es\/declaracion-ambiental-de-producto\/"},"author":{"name":"Paulo Ermida","@id":"https:\/\/www.socitrel.pt\/#\/schema\/person\/bd88eda7314237cadeb120f0e5b9f767"},"headline":"Declaraci\u00f3n Ambiental de Producto","datePublished":"2024-10-28T16:12:50+00:00","dateModified":"2025-03-20T16:13:24+00:00","mainEntityOfPage":{"@id":"https:\/\/www.socitrel.pt\/es\/declaracion-ambiental-de-producto\/"},"wordCount":65,"commentCount":0,"publisher":{"@id":"https:\/\/www.socitrel.pt\/#organization"},"image":{"@id":"https:\/\/www.socitrel.pt\/es\/declaracion-ambiental-de-producto\/#primaryimage"},"thumbnailUrl":"https:\/\/www.socitrel.pt\/wp-content\/uploads\/2018\/12\/DAP-EPD.png","articleSection":["Sin categorizar"],"inLanguage":"es","potentialAction":[{"@type":"CommentAction","name":"Comment","target":["https:\/\/www.socitrel.pt\/es\/declaracion-ambiental-de-producto\/#respond"]}]},{"@type":"WebPage","@id":"https:\/\/www.socitrel.pt\/es\/declaracion-ambiental-de-producto\/","url":"https:\/\/www.socitrel.pt\/es\/declaracion-ambiental-de-producto\/","name":"Declaraci\u00f3n Ambiental de Producto - Socitrel - Sociedade Industrial de Trefilaria","isPartOf":{"@id":"https:\/\/www.socitrel.pt\/#website"},"primaryImageOfPage":{"@id":"https:\/\/www.socitrel.pt\/es\/declaracion-ambiental-de-producto\/#primaryimage"},"image":{"@id":"https:\/\/www.socitrel.pt\/es\/declaracion-ambiental-de-producto\/#primaryimage"},"thumbnailUrl":"https:\/\/www.socitrel.pt\/wp-content\/uploads\/2018\/12\/DAP-EPD.png","datePublished":"2024-10-28T16:12:50+00:00","dateModified":"2025-03-20T16:13:24+00:00","breadcrumb":{"@id":"https:\/\/www.socitrel.pt\/es\/declaracion-ambiental-de-producto\/#breadcrumb"},"inLanguage":"es","potentialAction":[{"@type":"ReadAction","target":["https:\/\/www.socitrel.pt\/es\/declaracion-ambiental-de-producto\/"]}]},{"@type":"ImageObject","inLanguage":"es","@id":"https:\/\/www.socitrel.pt\/es\/declaracion-ambiental-de-producto\/#primaryimage","url":"https:\/\/www.socitrel.pt\/wp-content\/uploads\/2018\/12\/DAP-EPD.png","contentUrl":"https:\/\/www.socitrel.pt\/wp-content\/uploads\/2018\/12\/DAP-EPD.png","width":279,"height":58},{"@type":"BreadcrumbList","@id":"https:\/\/www.socitrel.pt\/es\/declaracion-ambiental-de-producto\/#breadcrumb","itemListElement":[{"@type":"ListItem","position":1,"name":"In\u00edcio","item":"https:\/\/www.socitrel.pt\/es\/"},{"@type":"ListItem","position":2,"name":"Declaraci\u00f3n Ambiental de Producto"}]},{"@type":"WebSite","@id":"https:\/\/www.socitrel.pt\/#website","url":"https:\/\/www.socitrel.pt\/","name":"Socitrel - Sociedade Industrial de Trefilaria","description":"Sociedade Industrial de Trefilaria","publisher":{"@id":"https:\/\/www.socitrel.pt\/#organization"},"potentialAction":[{"@type":"SearchAction","target":{"@type":"EntryPoint","urlTemplate":"https:\/\/www.socitrel.pt\/?s={search_term_string}"},"query-input":{"@type":"PropertyValueSpecification","valueRequired":true,"valueName":"search_term_string"}}],"inLanguage":"es"},{"@type":"Organization","@id":"https:\/\/www.socitrel.pt\/#organization","name":"Socitrel - Sociedade Industrial de Trefilaria","url":"https:\/\/www.socitrel.pt\/","logo":{"@type":"ImageObject","inLanguage":"es","@id":"https:\/\/www.socitrel.pt\/#\/schema\/logo\/image\/","url":"https:\/\/www.socitrel.pt\/wp-content\/uploads\/2017\/01\/logo_socitrel_final.png","contentUrl":"https:\/\/www.socitrel.pt\/wp-content\/uploads\/2017\/01\/logo_socitrel_final.png","width":590,"height":223,"caption":"Socitrel - Sociedade Industrial de Trefilaria"},"image":{"@id":"https:\/\/www.socitrel.pt\/#\/schema\/logo\/image\/"}},{"@type":"Person","@id":"https:\/\/www.socitrel.pt\/#\/schema\/person\/bd88eda7314237cadeb120f0e5b9f767","name":"Paulo Ermida","image":{"@type":"ImageObject","inLanguage":"es","@id":"https:\/\/secure.gravatar.com\/avatar\/8a4e3aa826e30e90547f705a9f055b07fc06746aea4742e0a54b26428d5f4924?s=96&d=mm&r=g","url":"https:\/\/secure.gravatar.com\/avatar\/8a4e3aa826e30e90547f705a9f055b07fc06746aea4742e0a54b26428d5f4924?s=96&d=mm&r=g","contentUrl":"https:\/\/secure.gravatar.com\/avatar\/8a4e3aa826e30e90547f705a9f055b07fc06746aea4742e0a54b26428d5f4924?s=96&d=mm&r=g","caption":"Paulo Ermida"},"url":"https:\/\/www.socitrel.pt\/es\/author\/socitrel\/"}]}},"_links":{"self":[{"href":"https:\/\/www.socitrel.pt\/es\/wp-json\/wp\/v2\/posts\/4921","targetHints":{"allow":["GET"]}}],"collection":[{"href":"https:\/\/www.socitrel.pt\/es\/wp-json\/wp\/v2\/posts"}],"about":[{"href":"https:\/\/www.socitrel.pt\/es\/wp-json\/wp\/v2\/types\/post"}],"author":[{"embeddable":true,"href":"https:\/\/www.socitrel.pt\/es\/wp-json\/wp\/v2\/users\/2"}],"replies":[{"embeddable":true,"href":"https:\/\/www.socitrel.pt\/es\/wp-json\/wp\/v2\/comments?post=4921"}],"version-history":[{"count":1,"href":"https:\/\/www.socitrel.pt\/es\/wp-json\/wp\/v2\/posts\/4921\/revisions"}],"predecessor-version":[{"id":4922,"href":"https:\/\/www.socitrel.pt\/es\/wp-json\/wp\/v2\/posts\/4921\/revisions\/4922"}],"wp:featuredmedia":[{"embeddable":true,"href":"https:\/\/www.socitrel.pt\/es\/wp-json\/wp\/v2\/media\/4896"}],"wp:attachment":[{"href":"https:\/\/www.socitrel.pt\/es\/wp-json\/wp\/v2\/media?parent=4921"}],"wp:term":[{"taxonomy":"category","embeddable":true,"href":"https:\/\/www.socitrel.pt\/es\/wp-json\/wp\/v2\/categories?post=4921"},{"taxonomy":"post_tag","embeddable":true,"href":"https:\/\/www.socitrel.pt\/es\/wp-json\/wp\/v2\/tags?post=4921"}],"curies":[{"name":"wp","href":"https:\/\/api.w.org\/{rel}","templated":true}]}}