{"id":4155,"date":"2023-11-02T11:46:14","date_gmt":"2023-11-02T11:46:14","guid":{"rendered":"https:\/\/www.socitrel.pt\/celebrando-la-excelencia-en-estandares-de-calidad-medio-ambiente-y-seguridad\/"},"modified":"2023-12-13T12:22:13","modified_gmt":"2023-12-13T12:22:13","slug":"celebrando-la-excelencia-en-estandares-de-calidad-medio-ambiente-y-seguridad","status":"publish","type":"post","link":"https:\/\/www.socitrel.pt\/es\/celebrando-la-excelencia-en-estandares-de-calidad-medio-ambiente-y-seguridad\/","title":{"rendered":"\u00a1Celebrando la excelencia en est\u00e1ndares de calidad, medio ambiente y seguridad!"},"content":{"rendered":"<p>Socitrel anuncia que APCER ha confirmado la continuaci\u00f3n de la certificaci\u00f3n de Socitrel para las normas NP EN ISO 9001 (Calidad), NP EN ISO 14001 (Medio Ambiente) y NP ISO 45001 (Seguridad) implementadas en nuestra organizaci\u00f3n.<\/p>\n<p>Creemos que estas certificaciones no solo validan nuestras pr\u00e1cticas existentes sino que tambi\u00e9n sirven como base para la mejora continua y la innovaci\u00f3n en nuestra industria. A medida que avanzamos, seguimos dedicados a ofrecer productos y servicios excepcionales que cumplan y superen los est\u00e1ndares globales.<\/p>\n<p>\u00a1Muchas gracias a nuestros socios por su apoyo! Juntos, continuaremos creciendo y estableciendo nuevos puntos de referencia en calidad, conciencia ambiental y seguridad.<\/p>\n","protected":false},"excerpt":{"rendered":"<p>Socitrel anuncia que APCER ha confirmado la continuaci\u00f3n de la certificaci\u00f3n de Socitrel para las normas NP EN ISO 9001 (Calidad), NP EN ISO 14001 (Medio Ambiente) y NP ISO 45001 (Seguridad) implementadas en nuestra organizaci\u00f3n. Creemos que estas certificaciones no solo validan nuestras pr\u00e1cticas&#8230;<\/p>\n","protected":false},"author":2,"featured_media":4154,"comment_status":"open","ping_status":"open","sticky":false,"template":"","format":"standard","meta":{"footnotes":""},"categories":[106],"tags":[],"class_list":["post-4155","post","type-post","status-publish","format-standard","has-post-thumbnail","hentry","category-sin-categorizar"],"yoast_head":"<!-- This site is optimized with the Yoast SEO plugin v27.2 - https:\/\/yoast.com\/product\/yoast-seo-wordpress\/ -->\n<title>Celebrando la Excelencia - Socitrel<\/title>\n<meta name=\"description\" content=\"Socitrel renueva las certificaciones ISO 9001, 14001 y 45001. Comprometidos con la excelencia, la sostenibilidad y la seguridad.\" \/>\n<meta name=\"robots\" content=\"index, follow, max-snippet:-1, max-image-preview:large, max-video-preview:-1\" \/>\n<link rel=\"canonical\" href=\"https:\/\/www.socitrel.pt\/es\/celebrando-la-excelencia-en-estandares-de-calidad-medio-ambiente-y-seguridad\/\" \/>\n<meta property=\"og:locale\" content=\"es_ES\" \/>\n<meta property=\"og:type\" content=\"article\" \/>\n<meta property=\"og:title\" content=\"Celebrando la Excelencia - Socitrel\" \/>\n<meta property=\"og:description\" content=\"Socitrel renueva las certificaciones ISO 9001, 14001 y 45001. Comprometidos con la excelencia, la sostenibilidad y la seguridad.\" \/>\n<meta property=\"og:url\" content=\"https:\/\/www.socitrel.pt\/es\/celebrando-la-excelencia-en-estandares-de-calidad-medio-ambiente-y-seguridad\/\" \/>\n<meta property=\"og:site_name\" content=\"Socitrel - Sociedade Industrial de Trefilaria\" \/>\n<meta property=\"article:published_time\" content=\"2023-11-02T11:46:14+00:00\" \/>\n<meta property=\"article:modified_time\" content=\"2023-12-13T12:22:13+00:00\" \/>\n<meta property=\"og:image\" content=\"https:\/\/www.socitrel.pt\/wp-content\/uploads\/2023\/11\/socitterl.jpeg\" \/>\n\t<meta property=\"og:image:width\" content=\"1280\" \/>\n\t<meta property=\"og:image:height\" content=\"719\" \/>\n\t<meta property=\"og:image:type\" content=\"image\/jpeg\" \/>\n<meta name=\"author\" content=\"Paulo Ermida\" \/>\n<meta name=\"twitter:card\" content=\"summary_large_image\" \/>\n<meta name=\"twitter:label1\" content=\"Escrito por\" \/>\n\t<meta name=\"twitter:data1\" content=\"Paulo Ermida\" \/>\n\t<meta name=\"twitter:label2\" content=\"Tiempo de lectura\" \/>\n\t<meta name=\"twitter:data2\" content=\"1 minuto\" \/>\n<script type=\"application\/ld+json\" class=\"yoast-schema-graph\">{\"@context\":\"https:\/\/schema.org\",\"@graph\":[{\"@type\":\"Article\",\"@id\":\"https:\/\/www.socitrel.pt\/es\/celebrando-la-excelencia-en-estandares-de-calidad-medio-ambiente-y-seguridad\/#article\",\"isPartOf\":{\"@id\":\"https:\/\/www.socitrel.pt\/es\/celebrando-la-excelencia-en-estandares-de-calidad-medio-ambiente-y-seguridad\/\"},\"author\":{\"name\":\"Paulo Ermida\",\"@id\":\"https:\/\/www.socitrel.pt\/#\/schema\/person\/bd88eda7314237cadeb120f0e5b9f767\"},\"headline\":\"\u00a1Celebrando la excelencia en est\u00e1ndares de calidad, medio ambiente y seguridad!\",\"datePublished\":\"2023-11-02T11:46:14+00:00\",\"dateModified\":\"2023-12-13T12:22:13+00:00\",\"mainEntityOfPage\":{\"@id\":\"https:\/\/www.socitrel.pt\/es\/celebrando-la-excelencia-en-estandares-de-calidad-medio-ambiente-y-seguridad\/\"},\"wordCount\":120,\"commentCount\":0,\"publisher\":{\"@id\":\"https:\/\/www.socitrel.pt\/#organization\"},\"image\":{\"@id\":\"https:\/\/www.socitrel.pt\/es\/celebrando-la-excelencia-en-estandares-de-calidad-medio-ambiente-y-seguridad\/#primaryimage\"},\"thumbnailUrl\":\"https:\/\/www.socitrel.pt\/wp-content\/uploads\/2023\/11\/socitterl.jpeg\",\"articleSection\":[\"Sin categorizar\"],\"inLanguage\":\"es\",\"potentialAction\":[{\"@type\":\"CommentAction\",\"name\":\"Comment\",\"target\":[\"https:\/\/www.socitrel.pt\/es\/celebrando-la-excelencia-en-estandares-de-calidad-medio-ambiente-y-seguridad\/#respond\"]}]},{\"@type\":\"WebPage\",\"@id\":\"https:\/\/www.socitrel.pt\/es\/celebrando-la-excelencia-en-estandares-de-calidad-medio-ambiente-y-seguridad\/\",\"url\":\"https:\/\/www.socitrel.pt\/es\/celebrando-la-excelencia-en-estandares-de-calidad-medio-ambiente-y-seguridad\/\",\"name\":\"Celebrando la Excelencia - Socitrel\",\"isPartOf\":{\"@id\":\"https:\/\/www.socitrel.pt\/#website\"},\"primaryImageOfPage\":{\"@id\":\"https:\/\/www.socitrel.pt\/es\/celebrando-la-excelencia-en-estandares-de-calidad-medio-ambiente-y-seguridad\/#primaryimage\"},\"image\":{\"@id\":\"https:\/\/www.socitrel.pt\/es\/celebrando-la-excelencia-en-estandares-de-calidad-medio-ambiente-y-seguridad\/#primaryimage\"},\"thumbnailUrl\":\"https:\/\/www.socitrel.pt\/wp-content\/uploads\/2023\/11\/socitterl.jpeg\",\"datePublished\":\"2023-11-02T11:46:14+00:00\",\"dateModified\":\"2023-12-13T12:22:13+00:00\",\"description\":\"Socitrel renueva las certificaciones ISO 9001, 14001 y 45001. Comprometidos con la excelencia, la sostenibilidad y la seguridad.\",\"breadcrumb\":{\"@id\":\"https:\/\/www.socitrel.pt\/es\/celebrando-la-excelencia-en-estandares-de-calidad-medio-ambiente-y-seguridad\/#breadcrumb\"},\"inLanguage\":\"es\",\"potentialAction\":[{\"@type\":\"ReadAction\",\"target\":[\"https:\/\/www.socitrel.pt\/es\/celebrando-la-excelencia-en-estandares-de-calidad-medio-ambiente-y-seguridad\/\"]}]},{\"@type\":\"ImageObject\",\"inLanguage\":\"es\",\"@id\":\"https:\/\/www.socitrel.pt\/es\/celebrando-la-excelencia-en-estandares-de-calidad-medio-ambiente-y-seguridad\/#primaryimage\",\"url\":\"https:\/\/www.socitrel.pt\/wp-content\/uploads\/2023\/11\/socitterl.jpeg\",\"contentUrl\":\"https:\/\/www.socitrel.pt\/wp-content\/uploads\/2023\/11\/socitterl.jpeg\",\"width\":1280,\"height\":719,\"caption\":\"vista \u00e1rea empresa socitrel\"},{\"@type\":\"BreadcrumbList\",\"@id\":\"https:\/\/www.socitrel.pt\/es\/celebrando-la-excelencia-en-estandares-de-calidad-medio-ambiente-y-seguridad\/#breadcrumb\",\"itemListElement\":[{\"@type\":\"ListItem\",\"position\":1,\"name\":\"In\u00edcio\",\"item\":\"https:\/\/www.socitrel.pt\/es\/\"},{\"@type\":\"ListItem\",\"position\":2,\"name\":\"\u00a1Celebrando la excelencia en est\u00e1ndares de calidad, medio ambiente y seguridad!\"}]},{\"@type\":\"WebSite\",\"@id\":\"https:\/\/www.socitrel.pt\/#website\",\"url\":\"https:\/\/www.socitrel.pt\/\",\"name\":\"Socitrel - Sociedade Industrial de Trefilaria\",\"description\":\"Sociedade Industrial de Trefilaria\",\"publisher\":{\"@id\":\"https:\/\/www.socitrel.pt\/#organization\"},\"potentialAction\":[{\"@type\":\"SearchAction\",\"target\":{\"@type\":\"EntryPoint\",\"urlTemplate\":\"https:\/\/www.socitrel.pt\/?s={search_term_string}\"},\"query-input\":{\"@type\":\"PropertyValueSpecification\",\"valueRequired\":true,\"valueName\":\"search_term_string\"}}],\"inLanguage\":\"es\"},{\"@type\":\"Organization\",\"@id\":\"https:\/\/www.socitrel.pt\/#organization\",\"name\":\"Socitrel - Sociedade Industrial de Trefilaria\",\"url\":\"https:\/\/www.socitrel.pt\/\",\"logo\":{\"@type\":\"ImageObject\",\"inLanguage\":\"es\",\"@id\":\"https:\/\/www.socitrel.pt\/#\/schema\/logo\/image\/\",\"url\":\"https:\/\/www.socitrel.pt\/wp-content\/uploads\/2017\/01\/logo_socitrel_final.png\",\"contentUrl\":\"https:\/\/www.socitrel.pt\/wp-content\/uploads\/2017\/01\/logo_socitrel_final.png\",\"width\":590,\"height\":223,\"caption\":\"Socitrel - Sociedade Industrial de Trefilaria\"},\"image\":{\"@id\":\"https:\/\/www.socitrel.pt\/#\/schema\/logo\/image\/\"}},{\"@type\":\"Person\",\"@id\":\"https:\/\/www.socitrel.pt\/#\/schema\/person\/bd88eda7314237cadeb120f0e5b9f767\",\"name\":\"Paulo Ermida\",\"image\":{\"@type\":\"ImageObject\",\"inLanguage\":\"es\",\"@id\":\"https:\/\/secure.gravatar.com\/avatar\/8a4e3aa826e30e90547f705a9f055b07fc06746aea4742e0a54b26428d5f4924?s=96&d=mm&r=g\",\"url\":\"https:\/\/secure.gravatar.com\/avatar\/8a4e3aa826e30e90547f705a9f055b07fc06746aea4742e0a54b26428d5f4924?s=96&d=mm&r=g\",\"contentUrl\":\"https:\/\/secure.gravatar.com\/avatar\/8a4e3aa826e30e90547f705a9f055b07fc06746aea4742e0a54b26428d5f4924?s=96&d=mm&r=g\",\"caption\":\"Paulo Ermida\"},\"url\":\"https:\/\/www.socitrel.pt\/es\/author\/socitrel\/\"}]}<\/script>\n<!-- \/ Yoast SEO plugin. -->","yoast_head_json":{"title":"Celebrando la Excelencia - Socitrel","description":"Socitrel renueva las certificaciones ISO 9001, 14001 y 45001. Comprometidos con la excelencia, la sostenibilidad y la seguridad.","robots":{"index":"index","follow":"follow","max-snippet":"max-snippet:-1","max-image-preview":"max-image-preview:large","max-video-preview":"max-video-preview:-1"},"canonical":"https:\/\/www.socitrel.pt\/es\/celebrando-la-excelencia-en-estandares-de-calidad-medio-ambiente-y-seguridad\/","og_locale":"es_ES","og_type":"article","og_title":"Celebrando la Excelencia - Socitrel","og_description":"Socitrel renueva las certificaciones ISO 9001, 14001 y 45001. Comprometidos con la excelencia, la sostenibilidad y la seguridad.","og_url":"https:\/\/www.socitrel.pt\/es\/celebrando-la-excelencia-en-estandares-de-calidad-medio-ambiente-y-seguridad\/","og_site_name":"Socitrel - Sociedade Industrial de Trefilaria","article_published_time":"2023-11-02T11:46:14+00:00","article_modified_time":"2023-12-13T12:22:13+00:00","og_image":[{"width":1280,"height":719,"url":"https:\/\/www.socitrel.pt\/wp-content\/uploads\/2023\/11\/socitterl.jpeg","type":"image\/jpeg"}],"author":"Paulo Ermida","twitter_card":"summary_large_image","twitter_misc":{"Escrito por":"Paulo Ermida","Tiempo de lectura":"1 minuto"},"schema":{"@context":"https:\/\/schema.org","@graph":[{"@type":"Article","@id":"https:\/\/www.socitrel.pt\/es\/celebrando-la-excelencia-en-estandares-de-calidad-medio-ambiente-y-seguridad\/#article","isPartOf":{"@id":"https:\/\/www.socitrel.pt\/es\/celebrando-la-excelencia-en-estandares-de-calidad-medio-ambiente-y-seguridad\/"},"author":{"name":"Paulo Ermida","@id":"https:\/\/www.socitrel.pt\/#\/schema\/person\/bd88eda7314237cadeb120f0e5b9f767"},"headline":"\u00a1Celebrando la excelencia en est\u00e1ndares de calidad, medio ambiente y seguridad!","datePublished":"2023-11-02T11:46:14+00:00","dateModified":"2023-12-13T12:22:13+00:00","mainEntityOfPage":{"@id":"https:\/\/www.socitrel.pt\/es\/celebrando-la-excelencia-en-estandares-de-calidad-medio-ambiente-y-seguridad\/"},"wordCount":120,"commentCount":0,"publisher":{"@id":"https:\/\/www.socitrel.pt\/#organization"},"image":{"@id":"https:\/\/www.socitrel.pt\/es\/celebrando-la-excelencia-en-estandares-de-calidad-medio-ambiente-y-seguridad\/#primaryimage"},"thumbnailUrl":"https:\/\/www.socitrel.pt\/wp-content\/uploads\/2023\/11\/socitterl.jpeg","articleSection":["Sin categorizar"],"inLanguage":"es","potentialAction":[{"@type":"CommentAction","name":"Comment","target":["https:\/\/www.socitrel.pt\/es\/celebrando-la-excelencia-en-estandares-de-calidad-medio-ambiente-y-seguridad\/#respond"]}]},{"@type":"WebPage","@id":"https:\/\/www.socitrel.pt\/es\/celebrando-la-excelencia-en-estandares-de-calidad-medio-ambiente-y-seguridad\/","url":"https:\/\/www.socitrel.pt\/es\/celebrando-la-excelencia-en-estandares-de-calidad-medio-ambiente-y-seguridad\/","name":"Celebrando la Excelencia - Socitrel","isPartOf":{"@id":"https:\/\/www.socitrel.pt\/#website"},"primaryImageOfPage":{"@id":"https:\/\/www.socitrel.pt\/es\/celebrando-la-excelencia-en-estandares-de-calidad-medio-ambiente-y-seguridad\/#primaryimage"},"image":{"@id":"https:\/\/www.socitrel.pt\/es\/celebrando-la-excelencia-en-estandares-de-calidad-medio-ambiente-y-seguridad\/#primaryimage"},"thumbnailUrl":"https:\/\/www.socitrel.pt\/wp-content\/uploads\/2023\/11\/socitterl.jpeg","datePublished":"2023-11-02T11:46:14+00:00","dateModified":"2023-12-13T12:22:13+00:00","description":"Socitrel renueva las certificaciones ISO 9001, 14001 y 45001. Comprometidos con la excelencia, la sostenibilidad y la seguridad.","breadcrumb":{"@id":"https:\/\/www.socitrel.pt\/es\/celebrando-la-excelencia-en-estandares-de-calidad-medio-ambiente-y-seguridad\/#breadcrumb"},"inLanguage":"es","potentialAction":[{"@type":"ReadAction","target":["https:\/\/www.socitrel.pt\/es\/celebrando-la-excelencia-en-estandares-de-calidad-medio-ambiente-y-seguridad\/"]}]},{"@type":"ImageObject","inLanguage":"es","@id":"https:\/\/www.socitrel.pt\/es\/celebrando-la-excelencia-en-estandares-de-calidad-medio-ambiente-y-seguridad\/#primaryimage","url":"https:\/\/www.socitrel.pt\/wp-content\/uploads\/2023\/11\/socitterl.jpeg","contentUrl":"https:\/\/www.socitrel.pt\/wp-content\/uploads\/2023\/11\/socitterl.jpeg","width":1280,"height":719,"caption":"vista \u00e1rea empresa socitrel"},{"@type":"BreadcrumbList","@id":"https:\/\/www.socitrel.pt\/es\/celebrando-la-excelencia-en-estandares-de-calidad-medio-ambiente-y-seguridad\/#breadcrumb","itemListElement":[{"@type":"ListItem","position":1,"name":"In\u00edcio","item":"https:\/\/www.socitrel.pt\/es\/"},{"@type":"ListItem","position":2,"name":"\u00a1Celebrando la excelencia en est\u00e1ndares de calidad, medio ambiente y seguridad!"}]},{"@type":"WebSite","@id":"https:\/\/www.socitrel.pt\/#website","url":"https:\/\/www.socitrel.pt\/","name":"Socitrel - Sociedade Industrial de Trefilaria","description":"Sociedade Industrial de Trefilaria","publisher":{"@id":"https:\/\/www.socitrel.pt\/#organization"},"potentialAction":[{"@type":"SearchAction","target":{"@type":"EntryPoint","urlTemplate":"https:\/\/www.socitrel.pt\/?s={search_term_string}"},"query-input":{"@type":"PropertyValueSpecification","valueRequired":true,"valueName":"search_term_string"}}],"inLanguage":"es"},{"@type":"Organization","@id":"https:\/\/www.socitrel.pt\/#organization","name":"Socitrel - Sociedade Industrial de Trefilaria","url":"https:\/\/www.socitrel.pt\/","logo":{"@type":"ImageObject","inLanguage":"es","@id":"https:\/\/www.socitrel.pt\/#\/schema\/logo\/image\/","url":"https:\/\/www.socitrel.pt\/wp-content\/uploads\/2017\/01\/logo_socitrel_final.png","contentUrl":"https:\/\/www.socitrel.pt\/wp-content\/uploads\/2017\/01\/logo_socitrel_final.png","width":590,"height":223,"caption":"Socitrel - Sociedade Industrial de Trefilaria"},"image":{"@id":"https:\/\/www.socitrel.pt\/#\/schema\/logo\/image\/"}},{"@type":"Person","@id":"https:\/\/www.socitrel.pt\/#\/schema\/person\/bd88eda7314237cadeb120f0e5b9f767","name":"Paulo Ermida","image":{"@type":"ImageObject","inLanguage":"es","@id":"https:\/\/secure.gravatar.com\/avatar\/8a4e3aa826e30e90547f705a9f055b07fc06746aea4742e0a54b26428d5f4924?s=96&d=mm&r=g","url":"https:\/\/secure.gravatar.com\/avatar\/8a4e3aa826e30e90547f705a9f055b07fc06746aea4742e0a54b26428d5f4924?s=96&d=mm&r=g","contentUrl":"https:\/\/secure.gravatar.com\/avatar\/8a4e3aa826e30e90547f705a9f055b07fc06746aea4742e0a54b26428d5f4924?s=96&d=mm&r=g","caption":"Paulo Ermida"},"url":"https:\/\/www.socitrel.pt\/es\/author\/socitrel\/"}]}},"_links":{"self":[{"href":"https:\/\/www.socitrel.pt\/es\/wp-json\/wp\/v2\/posts\/4155","targetHints":{"allow":["GET"]}}],"collection":[{"href":"https:\/\/www.socitrel.pt\/es\/wp-json\/wp\/v2\/posts"}],"about":[{"href":"https:\/\/www.socitrel.pt\/es\/wp-json\/wp\/v2\/types\/post"}],"author":[{"embeddable":true,"href":"https:\/\/www.socitrel.pt\/es\/wp-json\/wp\/v2\/users\/2"}],"replies":[{"embeddable":true,"href":"https:\/\/www.socitrel.pt\/es\/wp-json\/wp\/v2\/comments?post=4155"}],"version-history":[{"count":1,"href":"https:\/\/www.socitrel.pt\/es\/wp-json\/wp\/v2\/posts\/4155\/revisions"}],"predecessor-version":[{"id":4228,"href":"https:\/\/www.socitrel.pt\/es\/wp-json\/wp\/v2\/posts\/4155\/revisions\/4228"}],"wp:featuredmedia":[{"embeddable":true,"href":"https:\/\/www.socitrel.pt\/es\/wp-json\/wp\/v2\/media\/4154"}],"wp:attachment":[{"href":"https:\/\/www.socitrel.pt\/es\/wp-json\/wp\/v2\/media?parent=4155"}],"wp:term":[{"taxonomy":"category","embeddable":true,"href":"https:\/\/www.socitrel.pt\/es\/wp-json\/wp\/v2\/categories?post=4155"},{"taxonomy":"post_tag","embeddable":true,"href":"https:\/\/www.socitrel.pt\/es\/wp-json\/wp\/v2\/tags?post=4155"}],"curies":[{"name":"wp","href":"https:\/\/api.w.org\/{rel}","templated":true}]}}