{"id":4084,"date":"2023-10-17T14:56:28","date_gmt":"2023-10-17T13:56:28","guid":{"rendered":"https:\/\/www.socitrel.pt\/socitrel-inauguracion-de-nuestra-nueva-instalacion-industrial\/"},"modified":"2024-02-20T23:39:41","modified_gmt":"2024-02-20T23:39:41","slug":"socitrel-inauguracion-de-nuestra-nueva-instalacion-industrial","status":"publish","type":"post","link":"https:\/\/www.socitrel.pt\/es\/socitrel-inauguracion-de-nuestra-nueva-instalacion-industrial\/","title":{"rendered":"Socitrel: Inauguraci\u00f3n de nuestra nueva instalaci\u00f3n industrial"},"content":{"rendered":"<p>El 4 de agosto marcamos un hito importante en la trayectoria de Socitrel con la inauguraci\u00f3n de nuestra nueva instalaci\u00f3n industrial.<\/p>\n<p>Con una superficie de 5.000 metros cuadrados, este espacio de vanguardia est\u00e1 preparado para revolucionar nuestras operaciones, permiti\u00e9ndonos alcanzar mayores niveles de productividad e innovaci\u00f3n.<\/p>\n<p>Tambi\u00e9n celebramos la finalizaci\u00f3n de la tercera fase de Paneles Fotovoltaicos de la UPAC, con una potencia total de 4,15 MWh. Este logro subraya nuestro compromiso con las soluciones energ\u00e9ticas sostenibles y la conciencia ambiental.<\/p>\n<p>Para celebrar este evento, organizamos un c\u00f3ctel, fomentando un ambiente informal y relajado para compartir y compa\u00f1erismo entre los valiosos miembros de nuestro equipo. \u00a1Son momentos como estos los que nos recuerdan el poder de la colaboraci\u00f3n!<\/p>\n","protected":false},"excerpt":{"rendered":"<p>El 4 de agosto marcamos un hito importante en la trayectoria de Socitrel con la inauguraci\u00f3n de nuestra nueva instalaci\u00f3n industrial. Con una superficie de 5.000 metros cuadrados, este espacio de vanguardia est\u00e1 preparado para revolucionar nuestras operaciones, permiti\u00e9ndonos alcanzar mayores niveles de productividad e&#8230;<\/p>\n","protected":false},"author":2,"featured_media":4090,"comment_status":"open","ping_status":"open","sticky":false,"template":"","format":"standard","meta":{"footnotes":""},"categories":[141],"tags":[],"class_list":["post-4084","post","type-post","status-publish","format-standard","has-post-thumbnail","hentry","category-noticias-es"],"yoast_head":"<!-- This site is optimized with the Yoast SEO plugin v27.2 - https:\/\/yoast.com\/product\/yoast-seo-wordpress\/ -->\n<title>Inauguraci\u00f3n de nuestra nueva instalaci\u00f3n industrial - Socitrel<\/title>\n<meta name=\"description\" content=\"Experimenta el \u00faltimo hito de Socitrel con la inauguraci\u00f3n de nuestra vanguardista instalaci\u00f3n industrial de 5.000 m\u00b2.\" \/>\n<meta name=\"robots\" content=\"index, follow, max-snippet:-1, max-image-preview:large, max-video-preview:-1\" \/>\n<link rel=\"canonical\" href=\"https:\/\/www.socitrel.pt\/es\/socitrel-inauguracion-de-nuestra-nueva-instalacion-industrial\/\" \/>\n<meta property=\"og:locale\" content=\"es_ES\" \/>\n<meta property=\"og:type\" content=\"article\" \/>\n<meta property=\"og:title\" content=\"Inauguraci\u00f3n de nuestra nueva instalaci\u00f3n industrial - Socitrel\" \/>\n<meta property=\"og:description\" content=\"Experimenta el \u00faltimo hito de Socitrel con la inauguraci\u00f3n de nuestra vanguardista instalaci\u00f3n industrial de 5.000 m\u00b2.\" \/>\n<meta property=\"og:url\" content=\"https:\/\/www.socitrel.pt\/es\/socitrel-inauguracion-de-nuestra-nueva-instalacion-industrial\/\" \/>\n<meta property=\"og:site_name\" content=\"Socitrel - Sociedade Industrial de Trefilaria\" \/>\n<meta property=\"article:published_time\" content=\"2023-10-17T13:56:28+00:00\" \/>\n<meta property=\"article:modified_time\" content=\"2024-02-20T23:39:41+00:00\" \/>\n<meta property=\"og:image\" content=\"https:\/\/www.socitrel.pt\/wp-content\/uploads\/2023\/10\/1697474189050.jpeg\" \/>\n\t<meta property=\"og:image:width\" content=\"1245\" \/>\n\t<meta property=\"og:image:height\" content=\"700\" \/>\n\t<meta property=\"og:image:type\" content=\"image\/jpeg\" \/>\n<meta name=\"author\" content=\"Paulo Ermida\" \/>\n<meta name=\"twitter:card\" content=\"summary_large_image\" \/>\n<meta name=\"twitter:label1\" content=\"Escrito por\" \/>\n\t<meta name=\"twitter:data1\" content=\"Paulo Ermida\" \/>\n\t<meta name=\"twitter:label2\" content=\"Tiempo de lectura\" \/>\n\t<meta name=\"twitter:data2\" content=\"1 minuto\" \/>\n<script type=\"application\/ld+json\" class=\"yoast-schema-graph\">{\"@context\":\"https:\/\/schema.org\",\"@graph\":[{\"@type\":\"Article\",\"@id\":\"https:\/\/www.socitrel.pt\/es\/socitrel-inauguracion-de-nuestra-nueva-instalacion-industrial\/#article\",\"isPartOf\":{\"@id\":\"https:\/\/www.socitrel.pt\/es\/socitrel-inauguracion-de-nuestra-nueva-instalacion-industrial\/\"},\"author\":{\"name\":\"Paulo Ermida\",\"@id\":\"https:\/\/www.socitrel.pt\/#\/schema\/person\/bd88eda7314237cadeb120f0e5b9f767\"},\"headline\":\"Socitrel: Inauguraci\u00f3n de nuestra nueva instalaci\u00f3n industrial\",\"datePublished\":\"2023-10-17T13:56:28+00:00\",\"dateModified\":\"2024-02-20T23:39:41+00:00\",\"mainEntityOfPage\":{\"@id\":\"https:\/\/www.socitrel.pt\/es\/socitrel-inauguracion-de-nuestra-nueva-instalacion-industrial\/\"},\"wordCount\":134,\"commentCount\":0,\"publisher\":{\"@id\":\"https:\/\/www.socitrel.pt\/#organization\"},\"image\":{\"@id\":\"https:\/\/www.socitrel.pt\/es\/socitrel-inauguracion-de-nuestra-nueva-instalacion-industrial\/#primaryimage\"},\"thumbnailUrl\":\"https:\/\/www.socitrel.pt\/wp-content\/uploads\/2023\/10\/1697474189050.jpeg\",\"articleSection\":[\"Noticias\"],\"inLanguage\":\"es\",\"potentialAction\":[{\"@type\":\"CommentAction\",\"name\":\"Comment\",\"target\":[\"https:\/\/www.socitrel.pt\/es\/socitrel-inauguracion-de-nuestra-nueva-instalacion-industrial\/#respond\"]}]},{\"@type\":\"WebPage\",\"@id\":\"https:\/\/www.socitrel.pt\/es\/socitrel-inauguracion-de-nuestra-nueva-instalacion-industrial\/\",\"url\":\"https:\/\/www.socitrel.pt\/es\/socitrel-inauguracion-de-nuestra-nueva-instalacion-industrial\/\",\"name\":\"Inauguraci\u00f3n de nuestra nueva instalaci\u00f3n industrial - Socitrel\",\"isPartOf\":{\"@id\":\"https:\/\/www.socitrel.pt\/#website\"},\"primaryImageOfPage\":{\"@id\":\"https:\/\/www.socitrel.pt\/es\/socitrel-inauguracion-de-nuestra-nueva-instalacion-industrial\/#primaryimage\"},\"image\":{\"@id\":\"https:\/\/www.socitrel.pt\/es\/socitrel-inauguracion-de-nuestra-nueva-instalacion-industrial\/#primaryimage\"},\"thumbnailUrl\":\"https:\/\/www.socitrel.pt\/wp-content\/uploads\/2023\/10\/1697474189050.jpeg\",\"datePublished\":\"2023-10-17T13:56:28+00:00\",\"dateModified\":\"2024-02-20T23:39:41+00:00\",\"description\":\"Experimenta el \u00faltimo hito de Socitrel con la inauguraci\u00f3n de nuestra vanguardista instalaci\u00f3n industrial de 5.000 m\u00b2.\",\"breadcrumb\":{\"@id\":\"https:\/\/www.socitrel.pt\/es\/socitrel-inauguracion-de-nuestra-nueva-instalacion-industrial\/#breadcrumb\"},\"inLanguage\":\"es\",\"potentialAction\":[{\"@type\":\"ReadAction\",\"target\":[\"https:\/\/www.socitrel.pt\/es\/socitrel-inauguracion-de-nuestra-nueva-instalacion-industrial\/\"]}]},{\"@type\":\"ImageObject\",\"inLanguage\":\"es\",\"@id\":\"https:\/\/www.socitrel.pt\/es\/socitrel-inauguracion-de-nuestra-nueva-instalacion-industrial\/#primaryimage\",\"url\":\"https:\/\/www.socitrel.pt\/wp-content\/uploads\/2023\/10\/1697474189050.jpeg\",\"contentUrl\":\"https:\/\/www.socitrel.pt\/wp-content\/uploads\/2023\/10\/1697474189050.jpeg\",\"width\":1245,\"height\":700,\"caption\":\"new-brand facility\"},{\"@type\":\"BreadcrumbList\",\"@id\":\"https:\/\/www.socitrel.pt\/es\/socitrel-inauguracion-de-nuestra-nueva-instalacion-industrial\/#breadcrumb\",\"itemListElement\":[{\"@type\":\"ListItem\",\"position\":1,\"name\":\"In\u00edcio\",\"item\":\"https:\/\/www.socitrel.pt\/es\/\"},{\"@type\":\"ListItem\",\"position\":2,\"name\":\"Socitrel: Inauguraci\u00f3n de nuestra nueva instalaci\u00f3n industrial\"}]},{\"@type\":\"WebSite\",\"@id\":\"https:\/\/www.socitrel.pt\/#website\",\"url\":\"https:\/\/www.socitrel.pt\/\",\"name\":\"Socitrel - Sociedade Industrial de Trefilaria\",\"description\":\"Sociedade Industrial de Trefilaria\",\"publisher\":{\"@id\":\"https:\/\/www.socitrel.pt\/#organization\"},\"potentialAction\":[{\"@type\":\"SearchAction\",\"target\":{\"@type\":\"EntryPoint\",\"urlTemplate\":\"https:\/\/www.socitrel.pt\/?s={search_term_string}\"},\"query-input\":{\"@type\":\"PropertyValueSpecification\",\"valueRequired\":true,\"valueName\":\"search_term_string\"}}],\"inLanguage\":\"es\"},{\"@type\":\"Organization\",\"@id\":\"https:\/\/www.socitrel.pt\/#organization\",\"name\":\"Socitrel - Sociedade Industrial de Trefilaria\",\"url\":\"https:\/\/www.socitrel.pt\/\",\"logo\":{\"@type\":\"ImageObject\",\"inLanguage\":\"es\",\"@id\":\"https:\/\/www.socitrel.pt\/#\/schema\/logo\/image\/\",\"url\":\"https:\/\/www.socitrel.pt\/wp-content\/uploads\/2017\/01\/logo_socitrel_final.png\",\"contentUrl\":\"https:\/\/www.socitrel.pt\/wp-content\/uploads\/2017\/01\/logo_socitrel_final.png\",\"width\":590,\"height\":223,\"caption\":\"Socitrel - Sociedade Industrial de Trefilaria\"},\"image\":{\"@id\":\"https:\/\/www.socitrel.pt\/#\/schema\/logo\/image\/\"}},{\"@type\":\"Person\",\"@id\":\"https:\/\/www.socitrel.pt\/#\/schema\/person\/bd88eda7314237cadeb120f0e5b9f767\",\"name\":\"Paulo Ermida\",\"image\":{\"@type\":\"ImageObject\",\"inLanguage\":\"es\",\"@id\":\"https:\/\/secure.gravatar.com\/avatar\/8a4e3aa826e30e90547f705a9f055b07fc06746aea4742e0a54b26428d5f4924?s=96&d=mm&r=g\",\"url\":\"https:\/\/secure.gravatar.com\/avatar\/8a4e3aa826e30e90547f705a9f055b07fc06746aea4742e0a54b26428d5f4924?s=96&d=mm&r=g\",\"contentUrl\":\"https:\/\/secure.gravatar.com\/avatar\/8a4e3aa826e30e90547f705a9f055b07fc06746aea4742e0a54b26428d5f4924?s=96&d=mm&r=g\",\"caption\":\"Paulo Ermida\"},\"url\":\"https:\/\/www.socitrel.pt\/es\/author\/socitrel\/\"}]}<\/script>\n<!-- \/ Yoast SEO plugin. -->","yoast_head_json":{"title":"Inauguraci\u00f3n de nuestra nueva instalaci\u00f3n industrial - Socitrel","description":"Experimenta el \u00faltimo hito de Socitrel con la inauguraci\u00f3n de nuestra vanguardista instalaci\u00f3n industrial de 5.000 m\u00b2.","robots":{"index":"index","follow":"follow","max-snippet":"max-snippet:-1","max-image-preview":"max-image-preview:large","max-video-preview":"max-video-preview:-1"},"canonical":"https:\/\/www.socitrel.pt\/es\/socitrel-inauguracion-de-nuestra-nueva-instalacion-industrial\/","og_locale":"es_ES","og_type":"article","og_title":"Inauguraci\u00f3n de nuestra nueva instalaci\u00f3n industrial - Socitrel","og_description":"Experimenta el \u00faltimo hito de Socitrel con la inauguraci\u00f3n de nuestra vanguardista instalaci\u00f3n industrial de 5.000 m\u00b2.","og_url":"https:\/\/www.socitrel.pt\/es\/socitrel-inauguracion-de-nuestra-nueva-instalacion-industrial\/","og_site_name":"Socitrel - Sociedade Industrial de Trefilaria","article_published_time":"2023-10-17T13:56:28+00:00","article_modified_time":"2024-02-20T23:39:41+00:00","og_image":[{"width":1245,"height":700,"url":"https:\/\/www.socitrel.pt\/wp-content\/uploads\/2023\/10\/1697474189050.jpeg","type":"image\/jpeg"}],"author":"Paulo Ermida","twitter_card":"summary_large_image","twitter_misc":{"Escrito por":"Paulo Ermida","Tiempo de lectura":"1 minuto"},"schema":{"@context":"https:\/\/schema.org","@graph":[{"@type":"Article","@id":"https:\/\/www.socitrel.pt\/es\/socitrel-inauguracion-de-nuestra-nueva-instalacion-industrial\/#article","isPartOf":{"@id":"https:\/\/www.socitrel.pt\/es\/socitrel-inauguracion-de-nuestra-nueva-instalacion-industrial\/"},"author":{"name":"Paulo Ermida","@id":"https:\/\/www.socitrel.pt\/#\/schema\/person\/bd88eda7314237cadeb120f0e5b9f767"},"headline":"Socitrel: Inauguraci\u00f3n de nuestra nueva instalaci\u00f3n industrial","datePublished":"2023-10-17T13:56:28+00:00","dateModified":"2024-02-20T23:39:41+00:00","mainEntityOfPage":{"@id":"https:\/\/www.socitrel.pt\/es\/socitrel-inauguracion-de-nuestra-nueva-instalacion-industrial\/"},"wordCount":134,"commentCount":0,"publisher":{"@id":"https:\/\/www.socitrel.pt\/#organization"},"image":{"@id":"https:\/\/www.socitrel.pt\/es\/socitrel-inauguracion-de-nuestra-nueva-instalacion-industrial\/#primaryimage"},"thumbnailUrl":"https:\/\/www.socitrel.pt\/wp-content\/uploads\/2023\/10\/1697474189050.jpeg","articleSection":["Noticias"],"inLanguage":"es","potentialAction":[{"@type":"CommentAction","name":"Comment","target":["https:\/\/www.socitrel.pt\/es\/socitrel-inauguracion-de-nuestra-nueva-instalacion-industrial\/#respond"]}]},{"@type":"WebPage","@id":"https:\/\/www.socitrel.pt\/es\/socitrel-inauguracion-de-nuestra-nueva-instalacion-industrial\/","url":"https:\/\/www.socitrel.pt\/es\/socitrel-inauguracion-de-nuestra-nueva-instalacion-industrial\/","name":"Inauguraci\u00f3n de nuestra nueva instalaci\u00f3n industrial - Socitrel","isPartOf":{"@id":"https:\/\/www.socitrel.pt\/#website"},"primaryImageOfPage":{"@id":"https:\/\/www.socitrel.pt\/es\/socitrel-inauguracion-de-nuestra-nueva-instalacion-industrial\/#primaryimage"},"image":{"@id":"https:\/\/www.socitrel.pt\/es\/socitrel-inauguracion-de-nuestra-nueva-instalacion-industrial\/#primaryimage"},"thumbnailUrl":"https:\/\/www.socitrel.pt\/wp-content\/uploads\/2023\/10\/1697474189050.jpeg","datePublished":"2023-10-17T13:56:28+00:00","dateModified":"2024-02-20T23:39:41+00:00","description":"Experimenta el \u00faltimo hito de Socitrel con la inauguraci\u00f3n de nuestra vanguardista instalaci\u00f3n industrial de 5.000 m\u00b2.","breadcrumb":{"@id":"https:\/\/www.socitrel.pt\/es\/socitrel-inauguracion-de-nuestra-nueva-instalacion-industrial\/#breadcrumb"},"inLanguage":"es","potentialAction":[{"@type":"ReadAction","target":["https:\/\/www.socitrel.pt\/es\/socitrel-inauguracion-de-nuestra-nueva-instalacion-industrial\/"]}]},{"@type":"ImageObject","inLanguage":"es","@id":"https:\/\/www.socitrel.pt\/es\/socitrel-inauguracion-de-nuestra-nueva-instalacion-industrial\/#primaryimage","url":"https:\/\/www.socitrel.pt\/wp-content\/uploads\/2023\/10\/1697474189050.jpeg","contentUrl":"https:\/\/www.socitrel.pt\/wp-content\/uploads\/2023\/10\/1697474189050.jpeg","width":1245,"height":700,"caption":"new-brand facility"},{"@type":"BreadcrumbList","@id":"https:\/\/www.socitrel.pt\/es\/socitrel-inauguracion-de-nuestra-nueva-instalacion-industrial\/#breadcrumb","itemListElement":[{"@type":"ListItem","position":1,"name":"In\u00edcio","item":"https:\/\/www.socitrel.pt\/es\/"},{"@type":"ListItem","position":2,"name":"Socitrel: Inauguraci\u00f3n de nuestra nueva instalaci\u00f3n industrial"}]},{"@type":"WebSite","@id":"https:\/\/www.socitrel.pt\/#website","url":"https:\/\/www.socitrel.pt\/","name":"Socitrel - Sociedade Industrial de Trefilaria","description":"Sociedade Industrial de Trefilaria","publisher":{"@id":"https:\/\/www.socitrel.pt\/#organization"},"potentialAction":[{"@type":"SearchAction","target":{"@type":"EntryPoint","urlTemplate":"https:\/\/www.socitrel.pt\/?s={search_term_string}"},"query-input":{"@type":"PropertyValueSpecification","valueRequired":true,"valueName":"search_term_string"}}],"inLanguage":"es"},{"@type":"Organization","@id":"https:\/\/www.socitrel.pt\/#organization","name":"Socitrel - Sociedade Industrial de Trefilaria","url":"https:\/\/www.socitrel.pt\/","logo":{"@type":"ImageObject","inLanguage":"es","@id":"https:\/\/www.socitrel.pt\/#\/schema\/logo\/image\/","url":"https:\/\/www.socitrel.pt\/wp-content\/uploads\/2017\/01\/logo_socitrel_final.png","contentUrl":"https:\/\/www.socitrel.pt\/wp-content\/uploads\/2017\/01\/logo_socitrel_final.png","width":590,"height":223,"caption":"Socitrel - Sociedade Industrial de Trefilaria"},"image":{"@id":"https:\/\/www.socitrel.pt\/#\/schema\/logo\/image\/"}},{"@type":"Person","@id":"https:\/\/www.socitrel.pt\/#\/schema\/person\/bd88eda7314237cadeb120f0e5b9f767","name":"Paulo Ermida","image":{"@type":"ImageObject","inLanguage":"es","@id":"https:\/\/secure.gravatar.com\/avatar\/8a4e3aa826e30e90547f705a9f055b07fc06746aea4742e0a54b26428d5f4924?s=96&d=mm&r=g","url":"https:\/\/secure.gravatar.com\/avatar\/8a4e3aa826e30e90547f705a9f055b07fc06746aea4742e0a54b26428d5f4924?s=96&d=mm&r=g","contentUrl":"https:\/\/secure.gravatar.com\/avatar\/8a4e3aa826e30e90547f705a9f055b07fc06746aea4742e0a54b26428d5f4924?s=96&d=mm&r=g","caption":"Paulo Ermida"},"url":"https:\/\/www.socitrel.pt\/es\/author\/socitrel\/"}]}},"_links":{"self":[{"href":"https:\/\/www.socitrel.pt\/es\/wp-json\/wp\/v2\/posts\/4084","targetHints":{"allow":["GET"]}}],"collection":[{"href":"https:\/\/www.socitrel.pt\/es\/wp-json\/wp\/v2\/posts"}],"about":[{"href":"https:\/\/www.socitrel.pt\/es\/wp-json\/wp\/v2\/types\/post"}],"author":[{"embeddable":true,"href":"https:\/\/www.socitrel.pt\/es\/wp-json\/wp\/v2\/users\/2"}],"replies":[{"embeddable":true,"href":"https:\/\/www.socitrel.pt\/es\/wp-json\/wp\/v2\/comments?post=4084"}],"version-history":[{"count":1,"href":"https:\/\/www.socitrel.pt\/es\/wp-json\/wp\/v2\/posts\/4084\/revisions"}],"predecessor-version":[{"id":4094,"href":"https:\/\/www.socitrel.pt\/es\/wp-json\/wp\/v2\/posts\/4084\/revisions\/4094"}],"wp:featuredmedia":[{"embeddable":true,"href":"https:\/\/www.socitrel.pt\/es\/wp-json\/wp\/v2\/media\/4090"}],"wp:attachment":[{"href":"https:\/\/www.socitrel.pt\/es\/wp-json\/wp\/v2\/media?parent=4084"}],"wp:term":[{"taxonomy":"category","embeddable":true,"href":"https:\/\/www.socitrel.pt\/es\/wp-json\/wp\/v2\/categories?post=4084"},{"taxonomy":"post_tag","embeddable":true,"href":"https:\/\/www.socitrel.pt\/es\/wp-json\/wp\/v2\/tags?post=4084"}],"curies":[{"name":"wp","href":"https:\/\/api.w.org\/{rel}","templated":true}]}}